{"id":5689,"date":"2023-11-10T15:05:12","date_gmt":"2023-11-10T15:05:12","guid":{"rendered":"https:\/\/uni.hi.is\/eirikur\/?p=5689"},"modified":"2023-11-10T15:05:12","modified_gmt":"2023-11-10T15:05:12","slug":"drog-ad-stefnu-fra-2020-eru-enn-bara-drog","status":"publish","type":"post","link":"https:\/\/uni.hi.is\/eirikur\/2023\/11\/10\/drog-ad-stefnu-fra-2020-eru-enn-bara-drog\/","title":{"rendered":"\u201eDr\u00f6g a\u00f0 stefnu\u201c fr\u00e1 2020 eru enn bara dr\u00f6g"},"content":{"rendered":"<p>\u00cd ma\u00ed 2020 <a href=\"https:\/\/www.stjornarradid.is\/efst-a-baugi\/frettir\/stok-frett\/2020\/05\/27\/Drog-kynnt-ad-heildstaedri-stefnu-um-menntun-nemenda-med-annad-modurmal-en-islensku\/\">kynnti<\/a> Mennta- og menningarm\u00e1lar\u00e1\u00f0uneyti\u00f0 me\u00f0 pompi og prakt \u00edtarlega <a href=\"https:\/\/www.stjornarradid.is\/library\/01--Frettatengt---myndir-og-skrar\/MRN\/Dr%C3%B6g%20a%C3%B0%20stefnu_menntun%20barna%20og%20ungmenna%20me%C3%B0%20fj%C3%B6lbreyttan%20tungum%C3%A1la-%20og%20menningarbakgrunn_260520.pdf\">sk\u00fdrslu starfsh\u00f3ps<\/a> \u00e1 vegum r\u00e1\u00f0uneytisins: \u201eDr\u00f6g a\u00f0 stefnu: Menntun barna og ungmenna me\u00f0 fj\u00f6lbreyttan tungum\u00e1la- og menningarbakgrunn\u201c. \u00dear er m.a. a\u00f0 finna till\u00f6gur um \u00edslensku sem anna\u00f0 m\u00e1l: \u201eB\u00f6rn og ungmenni, sem l\u00e6ra \u00edslensku sem anna\u00f0 m\u00e1l, f\u00e1i \u00edslenskukennslu vi\u00f0 h\u00e6fi og vi\u00f0eigandi stu\u00f0ning \u00ed n\u00e1mi svo lengi sem \u00fe\u00f6rf er \u00e1. L\u00f6g\u00f0 ver\u00f0i \u00e1hersla \u00e1 a\u00f0 \u00feau geti sem fyrst stunda\u00f0 n\u00e1m jafnf\u00e6tis jafn\u00f6ldrum s\u00ednum sem eiga \u00edslensku a\u00f0 m\u00f3\u00f0urm\u00e1li. S\u00e9rstaklega \u00fearf a\u00f0 sty\u00f0ja b\u00f6rn, sem eru f\u00e6dd h\u00e9r \u00e1 landi e\u00f0a koma ung til landsins, a\u00f0 \u00feau f\u00e1i strax \u00ed leiksk\u00f3la m\u00e1l\u00f6rvun \u00ed \u00edslensku og fylgst s\u00e9 me\u00f0 a\u00f0 \u00feau taki reglulegum framf\u00f6rum.\u201c<\/p>\n<p>S\u00ed\u00f0an er li\u00f0i\u00f0 h\u00e1lft fj\u00f3r\u00f0a \u00e1r og umr\u00e6dd \u201edr\u00f6g a\u00f0 stefnu\u201c eru ekki komin lengra \u2013 sem s\u00e9 ekki enn or\u00f0in a\u00f0 stefnu. Ekki n\u00f3g me\u00f0 \u00fea\u00f0 \u2013 l\u00edti\u00f0 ber \u00e1 \u00fev\u00ed a\u00f0 unni\u00f0 hafi veri\u00f0 eftir dr\u00f6gunum og einn sk\u00fdrsluh\u00f6funda segist ekki vita \u201ehvort nokku\u00f0 af \u00feeim till\u00f6gum var\u00f0andi \u00edslensku s\u00e9u komnar \u00ed framkv\u00e6md\u201c \u00fer\u00e1tt fyrir a\u00f0 a\u00f0ger\u00f0um \u00e1 svi\u00f0i \u00edslensku sem annars m\u00e1ls s\u00e9 \u00ed dr\u00f6gunum settur t\u00edmaramminn 2020-2023. \u00dea\u00f0 er sem s\u00e9 bara h\u00e1lfur annar m\u00e1nu\u00f0ur eftir af verkt\u00edmanum. \u00c9g efast ekki um a\u00f0 leiksk\u00f3lar og grunnsk\u00f3lar geri sitt besta til a\u00f0 koma til m\u00f3ts vi\u00f0 b\u00f6rn me\u00f0 anna\u00f0 m\u00f3\u00f0urm\u00e1l en \u00edslensku en a\u00f0st\u00e6\u00f0ur \u00feeirra til \u00feess eru \u00f3vi\u00f0unandi. \u00dev\u00ed mi\u00f0ur ver\u00f0ur ekki s\u00e9\u00f0 a\u00f0 stj\u00f3rnv\u00f6ld \u00e1tti sig \u00e1 \u00fev\u00ed hversu alvarlegt \u00e1standi\u00f0 er \u00e1 \u00feessu svi\u00f0i. \u00dev\u00ed ver\u00f0ur a\u00f0 breyta.<\/p>\n","protected":false},"excerpt":{"rendered":"<p>\u00cd ma\u00ed 2020 kynnti Mennta- og menningarm\u00e1lar\u00e1\u00f0uneyti\u00f0 me\u00f0 pompi og prakt \u00edtarlega sk\u00fdrslu starfsh\u00f3ps \u00e1 vegum r\u00e1\u00f0uneytisins: \u201eDr\u00f6g a\u00f0 stefnu: Menntun barna og ungmenna me\u00f0 fj\u00f6lbreyttan tungum\u00e1la- og menningarbakgrunn\u201c. \u00dear er m.a. a\u00f0 finna till\u00f6gur um \u00edslensku sem anna\u00f0 m\u00e1l: \u201eB\u00f6rn og ungmenni, sem l\u00e6ra \u00edslensku sem anna\u00f0 m\u00e1l, f\u00e1i \u00edslenskukennslu vi\u00f0 h\u00e6fi og vi\u00f0eigandi [&hellip;]<\/p>\n","protected":false},"author":141,"featured_media":0,"comment_status":"open","ping_status":"open","sticky":false,"template":"","format":"standard","meta":{"footnotes":""},"categories":[158635],"tags":[],"class_list":["post-5689","post","type-post","status-publish","format-standard","hentry","category-malfar"],"_links":{"self":[{"href":"https:\/\/uni.hi.is\/eirikur\/wp-json\/wp\/v2\/posts\/5689","targetHints":{"allow":["GET"]}}],"collection":[{"href":"https:\/\/uni.hi.is\/eirikur\/wp-json\/wp\/v2\/posts"}],"about":[{"href":"https:\/\/uni.hi.is\/eirikur\/wp-json\/wp\/v2\/types\/post"}],"author":[{"embeddable":true,"href":"https:\/\/uni.hi.is\/eirikur\/wp-json\/wp\/v2\/users\/141"}],"replies":[{"embeddable":true,"href":"https:\/\/uni.hi.is\/eirikur\/wp-json\/wp\/v2\/comments?post=5689"}],"version-history":[{"count":1,"href":"https:\/\/uni.hi.is\/eirikur\/wp-json\/wp\/v2\/posts\/5689\/revisions"}],"predecessor-version":[{"id":5690,"href":"https:\/\/uni.hi.is\/eirikur\/wp-json\/wp\/v2\/posts\/5689\/revisions\/5690"}],"wp:attachment":[{"href":"https:\/\/uni.hi.is\/eirikur\/wp-json\/wp\/v2\/media?parent=5689"}],"wp:term":[{"taxonomy":"category","embeddable":true,"href":"https:\/\/uni.hi.is\/eirikur\/wp-json\/wp\/v2\/categories?post=5689"},{"taxonomy":"post_tag","embeddable":true,"href":"https:\/\/uni.hi.is\/eirikur\/wp-json\/wp\/v2\/tags?post=5689"}],"curies":[{"name":"wp","href":"https:\/\/api.w.org\/{rel}","templated":true}]}}