{"id":5711,"date":"2023-11-14T16:14:19","date_gmt":"2023-11-14T16:14:19","guid":{"rendered":"https:\/\/uni.hi.is\/eirikur\/?p=5711"},"modified":"2023-11-14T16:39:53","modified_gmt":"2023-11-14T16:39:53","slug":"malfar-i-skrekk","status":"publish","type":"post","link":"https:\/\/uni.hi.is\/eirikur\/2023\/11\/14\/malfar-i-skrekk\/","title":{"rendered":"M\u00e1lfar \u00ed Skrekk"},"content":{"rendered":"<p>Eins og \u00e9g <a href=\"https:\/\/uni.hi.is\/eirikur\/2023\/11\/08\/skrekkur\/\">sag\u00f0i<\/a> h\u00e9r fr\u00e1 um daginn t\u00f3k \u00e9g \u00fe\u00e1tt \u00ed \u00fev\u00ed \u00ed s\u00ed\u00f0ustu viku a\u00f0 velja sigurvegara \u201eSkrekkstungunnar\u201c sem veitt er fyrir j\u00e1kv\u00e6\u00f0a og skapandi notkun \u00e1 \u00edslensku m\u00e1li \u00ed <em>Skrekk<\/em>, h\u00e6fileikakeppni grunnsk\u00f3lanna \u00ed Reykjav\u00edk. \u00dea\u00f0 er lj\u00f3st a\u00f0 m\u00e1lnotkun \u00ed keppninni f\u00e9ll ekki a\u00f0 smekk allra \u00fev\u00ed a\u00f0 \u00ed morgun f\u00e9kk \u00e9g t\u00f6lvup\u00f3st: \u201e[\u00de]\u00fa \u00e1tt alla m\u00edna sam\u00fa\u00f0 fyrir a\u00f0 hafa \u00feurft a\u00f0 sitja undir Skrekk \u00ed g\u00e6r \u2013 og eiga a\u00f0 finna lj\u00f3san punkt \u00ed notktun [svo] \u00edslensku hj\u00e1 einhverjum sk\u00f3lanna. \u00dea\u00f0 vir\u00f0ist hafa tekist skv. fr\u00e9ttum. En gengdarlausar [svo] sletttur [svo], meira a\u00f0 segja \u00feegar veri\u00f0 var a\u00f0 h\u00f6f\u00f0a til \u00edslenskufr\u00e6\u00f0ingsins \u00ed h\u00f3pi d\u00f3mara, ullu [svo] vanl\u00ed\u00f0an hj\u00e1 \u00e1horfendum \u00e1 m\u00ednu heimili. Spurning hvort R\u00daV g\u00e6ti ekki fylgt stefnu um a\u00f0 sleppa slettum?\u201c<\/p>\n<p>N\u00fa skal \u00e9g ekki gera l\u00edti\u00f0 \u00far \u00fev\u00ed a\u00f0 \u00f3hef\u00f0bundin m\u00e1lnotkun geti valdi\u00f0 f\u00f3lki hugarangri eins og n\u00fdlegar ranns\u00f3knir <a href=\"https:\/\/www.ruv.is\/frettir\/innlent\/2023-11-11-malvillur-geta-farid-fyrir-hjartad-a-folki-396235\">hafa s\u00fdnt<\/a>. En markmi\u00f0i\u00f0 me\u00f0 \u00fev\u00ed a\u00f0 meta m\u00e1lnotkun \u00ed keppni af \u00feessu tagi getur ekki veri\u00f0 a\u00f0 f\u00e1 fram eitthvert dau\u00f0hreinsa\u00f0 m\u00e1l sem er fjarri e\u00f0lilegu m\u00e1li unglinga heldur a\u00f0 \u00fdta undir \u00fea\u00f0 a\u00f0 \u00edslenska s\u00e9 notu\u00f0. \u00dea\u00f0 markmi\u00f0 n\u00e1\u00f0ist \u2013 \u00fea\u00f0 var sungi\u00f0 \u00e1 ensku \u00ed m\u00f6rgum atri\u00f0um en enska var ekki t\u00f6lu\u00f0, og \u00fdmis atri\u00f0i voru eing\u00f6ngu \u00e1 \u00edslensku, b\u00e6\u00f0i tal og s\u00f6ngur. Vissulega var eitthva\u00f0 um enskuslettur en \u00fe\u00e6r \u00fej\u00f3nu\u00f0u yfirleitt tilgangi og f\u00e9llu e\u00f0lilega inn \u00ed textann. Vi\u00f0 v\u00f6ldum <a href=\"https:\/\/spilari.nyr.ruv.is\/ungruv\/spila\/skrekkur-2023\/35706\/akgjdg\">atri\u00f0i Langholtssk\u00f3la<\/a> og erum stolt af \u00fev\u00ed vali en satt a\u00f0 segja var vali\u00f0 alls ekki au\u00f0velt \u00fev\u00ed a\u00f0 \u00ed \u00fdmsum atri\u00f0um var \u00edslenskan notu\u00f0 \u00e1 frj\u00f3an og frumlegan h\u00e1tt.<\/p>\n<p>M\u00e9r s\u00fdnist sem s\u00e9 a\u00f0 sendandi t\u00f6luvup\u00f3stsins hafi veri\u00f0 a\u00f0 horfa \u00e1 einhverja a\u00f0ra keppni en \u00e9g \u2013 e\u00f0a a.m.k. me\u00f0 \u00f6\u00f0ru hugarfari. \u00dea\u00f0 gleymist nefnilega stundum a\u00f0 ef vi\u00f0 viljum a\u00f0 \u00edslenska ver\u00f0i t\u00f6lu\u00f0 \u00e1fram \u00e1 \u00cdslandi ver\u00f0um vi\u00f0 a\u00f0 f\u00e1 unga f\u00f3lki\u00f0 \u00ed li\u00f0 me\u00f0 okkur. En \u00fea\u00f0 gerum vi\u00f0 ekki me\u00f0 \u00fev\u00ed a\u00f0 vera s\u00edfellt a\u00f0 gagnr\u00fdna \u00fea\u00f0 fyrir enskuslettur og annan \u00f3s\u00f3ma sem vi\u00f0 \u00feykjumst finna \u00ed m\u00e1li \u00feess, heldur me\u00f0 j\u00e1kv\u00e6\u00f0ri hvatningu og hr\u00f3si fyrir \u00fea\u00f0 sem vel er gert. \u00c9g hvet ykkur til a\u00f0 <a href=\"https:\/\/www.ruv.is\/sjonvarp\/spila\/skrekkur\/34308\/a75v21\">horfa \u00e1 keppnina<\/a> me\u00f0 j\u00e1kv\u00e6\u00f0u hugarfari og hugsa um hversu st\u00f3rkostlegt \u00fea\u00f0 er a\u00f0 vi\u00f0 skulum eiga svona gl\u00e6silega unglinga sem hafa \u00edslensku \u00e1 valdi s\u00ednu og vilja nota hana \u2013 kannski ekki alveg s\u00f6mu \u00edslensku og vi\u00f0 gamlingjarnir t\u00f6lum, en \u00edslenska er \u00fea\u00f0 samt.<\/p>\n","protected":false},"excerpt":{"rendered":"<p>Eins og \u00e9g sag\u00f0i h\u00e9r fr\u00e1 um daginn t\u00f3k \u00e9g \u00fe\u00e1tt \u00ed \u00fev\u00ed \u00ed s\u00ed\u00f0ustu viku a\u00f0 velja sigurvegara \u201eSkrekkstungunnar\u201c sem veitt er fyrir j\u00e1kv\u00e6\u00f0a og skapandi notkun \u00e1 \u00edslensku m\u00e1li \u00ed Skrekk, h\u00e6fileikakeppni grunnsk\u00f3lanna \u00ed Reykjav\u00edk. \u00dea\u00f0 er lj\u00f3st a\u00f0 m\u00e1lnotkun \u00ed keppninni f\u00e9ll ekki a\u00f0 smekk allra \u00fev\u00ed a\u00f0 \u00ed morgun f\u00e9kk \u00e9g [&hellip;]<\/p>\n","protected":false},"author":141,"featured_media":0,"comment_status":"open","ping_status":"open","sticky":false,"template":"","format":"standard","meta":{"footnotes":""},"categories":[158635],"tags":[],"class_list":["post-5711","post","type-post","status-publish","format-standard","hentry","category-malfar"],"_links":{"self":[{"href":"https:\/\/uni.hi.is\/eirikur\/wp-json\/wp\/v2\/posts\/5711","targetHints":{"allow":["GET"]}}],"collection":[{"href":"https:\/\/uni.hi.is\/eirikur\/wp-json\/wp\/v2\/posts"}],"about":[{"href":"https:\/\/uni.hi.is\/eirikur\/wp-json\/wp\/v2\/types\/post"}],"author":[{"embeddable":true,"href":"https:\/\/uni.hi.is\/eirikur\/wp-json\/wp\/v2\/users\/141"}],"replies":[{"embeddable":true,"href":"https:\/\/uni.hi.is\/eirikur\/wp-json\/wp\/v2\/comments?post=5711"}],"version-history":[{"count":2,"href":"https:\/\/uni.hi.is\/eirikur\/wp-json\/wp\/v2\/posts\/5711\/revisions"}],"predecessor-version":[{"id":5714,"href":"https:\/\/uni.hi.is\/eirikur\/wp-json\/wp\/v2\/posts\/5711\/revisions\/5714"}],"wp:attachment":[{"href":"https:\/\/uni.hi.is\/eirikur\/wp-json\/wp\/v2\/media?parent=5711"}],"wp:term":[{"taxonomy":"category","embeddable":true,"href":"https:\/\/uni.hi.is\/eirikur\/wp-json\/wp\/v2\/categories?post=5711"},{"taxonomy":"post_tag","embeddable":true,"href":"https:\/\/uni.hi.is\/eirikur\/wp-json\/wp\/v2\/tags?post=5711"}],"curies":[{"name":"wp","href":"https:\/\/api.w.org\/{rel}","templated":true}]}}