{"id":5750,"date":"2023-11-23T12:00:32","date_gmt":"2023-11-23T12:00:32","guid":{"rendered":"https:\/\/uni.hi.is\/eirikur\/?p=5750"},"modified":"2023-11-23T12:00:32","modified_gmt":"2023-11-23T12:00:32","slug":"meinlaust","status":"publish","type":"post","link":"https:\/\/uni.hi.is\/eirikur\/2023\/11\/23\/meinlaust\/","title":{"rendered":"Meinlaust?"},"content":{"rendered":"<p>\u00dea\u00f0 er \u00e1st\u00e6\u00f0a til a\u00f0 vekja h\u00e9r athygli \u00e1 vitundarvakningunni \u201eMeinlaust?\u201c sem <em>Jafnr\u00e9ttisstofa <\/em>hefur sta\u00f0i\u00f0 fyrir \u00e1 samf\u00e9lagsmi\u00f0lum s\u00ed\u00f0an \u00ed fyrrahaust og er rekin undir merkjunum #meinlaust og @meinlaust. \u00cd <a href=\"https:\/\/www.jafnretti.is\/is\/vinnumarkadur\/kynferdisleg-og-kynbundin-areitni\/meinlaust\">fyrsta hluta<\/a> hennar var sj\u00f3num beint a\u00f0 kynbundinni og kynfer\u00f0islegri \u00e1reitni, <a href=\"https:\/\/www.jafnretti.is\/is\/um-jafnrettisstofu\/frettir\/meinlaust-heldur-afram\">annar hluti<\/a> var \u00ed samvinnu vi\u00f0 <em>Samt\u00f6kin 78<\/em>, <a href=\"https:\/\/www.jafnretti.is\/is\/um-jafnrettisstofu\/frettir\/meinlaust-er-hafid-a-ny\">\u00feri\u00f0ji hluti<\/a> var \u00ed samvinnu vi\u00f0 <em>\u00deroskahj\u00e1lp<\/em> og <a href=\"https:\/\/www.jafnretti.is\/is\/um-jafnrettisstofu\/frettir\/meinlaust-konur-af-erlendum-uppruna-i-fokus\">fj\u00f3r\u00f0i og s\u00ed\u00f0asti hluti<\/a> \u00ed samvinnu vi\u00f0 f\u00e9lagsskapinn <em>Hennar<\/em> <em>r\u00f6dd<\/em>. Markmi\u00f0 \u00e1taksins er a\u00f0 vekja athygli \u00e1 birtingarmyndum \u00f6r\u00e1reitni sem f\u00f3lk \u00far \u00fdmsum ja\u00f0arsettum h\u00f3pum ver\u00f0ur fyrir \u00ed samf\u00e9laginu og f\u00e1 f\u00f3lk til a\u00f0 opna augun fyrir aflei\u00f0ingum hennar. \u201e\u00cd vitundarvakningunni eru sag\u00f0ar s\u00f6gur sem bygg\u00f0ar eru \u00e1 raunverulegum fr\u00e1s\u00f6gnum f\u00f3lks \u00far \u00edslensku samf\u00e9lagi \u00ed formi myndasagna.\u201c<\/p>\n<p>Or\u00f0i\u00f0 <em>\u00f6r\u00e1reitni <\/em>er \u00fe\u00fd\u00f0ing \u00e1 <em>microaggression <\/em><a href=\"https:\/\/dictionary.cambridge.org\/dictionary\/english\/microaggression\">\u00ed ensku<\/a> og er komi\u00f0 \u00ed nokkra notkun \u00fe\u00f3tt \u00fea\u00f0 s\u00e9 ekki gamalt \u00ed m\u00e1linu. \u00dea\u00f0 er ekki komi\u00f0 inn \u00ed almennar or\u00f0ab\u00e6kur en var <a href=\"https:\/\/nyyrdi.arnastofnun.is\/nyyrdi\/3030\">skr\u00e1\u00f0<\/a> \u00e1 <em>N\u00fdyr\u00f0avef<\/em> \u00c1rnastofnunar 2018. \u00dea\u00f0 vir\u00f0ist fyrst hafa veri\u00f0 skilgreint \u00ed <a href=\"https:\/\/skemman.is\/bitstream\/1946\/25970\/1\/BA_ritgred_Embla_G_Agustsdottir.pdf\">BA-ritger\u00f0<\/a> Emblu Gu\u00f0r\u00fanard\u00f3ttur \u00c1g\u00fastsd\u00f3ttur fr\u00e1 2016 \u00fear sem segir: \u201e\u00d6r\u00e1reitni er dulin og l\u00famsk mismunun e\u00f0a ford\u00f3mar sem beinast einna helst a\u00f0 ja\u00f0arsettum h\u00f3pum. Me\u00f0 \u00f6r\u00e1reitni er \u00e1tt vi\u00f0 atvik, \u00ed samneyti f\u00f3lks, sem eitt og s\u00e9r vir\u00f0ast sm\u00e1v\u00e6gileg (e. micro) en \u00feegar f\u00f3lk \u00ed ja\u00f0arsettri st\u00f6\u00f0u upplifir sl\u00edk atvik jafnvel oft \u00e1 dag ver\u00f0a \u00e1hrif og aflei\u00f0ingar \u00feeirra mikil [\u2026]. \u00d6r\u00e1reitni getur birst \u00ed or\u00f0um, raddbl\u00e6, hunsun og vi\u00f0m\u00f3ti sem oft reynist erfitt a\u00f0 \u00fatsk\u00fdra og greina n\u00e1kv\u00e6mlega [\u2026].\u201c<\/p>\n<p>\u00c1st\u00e6\u00f0an fyrir \u00fev\u00ed a\u00f0 \u00e9g tek \u00feetta upp h\u00e9r er a\u00f0 <strong>tungum\u00e1li\u00f0<\/strong> er i\u00f0ulega nota\u00f0 til a\u00f0 beita \u00f6r\u00e1reitni, m.a. or\u00f0 og raddbl\u00e6r eins og \u00e1\u00f0ur segir. \u00deetta er alls ekki alltaf illa meint \u2013 \u201eer jafnvel stundum \u00e6tla\u00f0 sem hr\u00f3s og eru \u00feau sem l\u00e1ta sl\u00edkt \u00fat \u00far s\u00e9r jafnvel \u00f3me\u00f0vitu\u00f0 um aflei\u00f0ingarnar\u201c. Tungum\u00e1li\u00f0 er \u00f6flugt valdat\u00e6ki sem h\u00e6gt er a\u00f0 beita b\u00e6\u00f0i til g\u00f3\u00f0s og ills og mikilv\u00e6gt a\u00f0 vi\u00f0 s\u00e9um me\u00f0vitu\u00f0 um \u00fea\u00f0 hvernig vi\u00f0 beitum \u00feessu t\u00e6ki, ekki s\u00edst \u00ed samskiptum vi\u00f0 f\u00f3lk \u00far ja\u00f0arsettum h\u00f3pum. \u00c1 <a href=\"https:\/\/www.jafnretti.is\/is\/vinnumarkadur\/kynferdisleg-og-kynbundin-areitni\/meinlaust\">heimas\u00ed\u00f0u<\/a> \u00e1taksins er a\u00f0 finna sk\u00fdringar \u00e1 \u00fdmsum or\u00f0um og hugt\u00f6kum sem gagnlegt er a\u00f0 kynna s\u00e9r og geta for\u00f0a\u00f0 okkur fr\u00e1 \u00fev\u00ed a\u00f0 misbeita tungum\u00e1linu \u00f3afvitandi gagnvart ja\u00f0arsettu f\u00f3lki. \u00cdslenskan \u00e1 \u00fea\u00f0 nefnilega ekki skili\u00f0 a\u00f0 h\u00fan s\u00e9 notu\u00f0 til a\u00f0 mei\u00f0a f\u00f3lk.<\/p>\n","protected":false},"excerpt":{"rendered":"<p>\u00dea\u00f0 er \u00e1st\u00e6\u00f0a til a\u00f0 vekja h\u00e9r athygli \u00e1 vitundarvakningunni \u201eMeinlaust?\u201c sem Jafnr\u00e9ttisstofa hefur sta\u00f0i\u00f0 fyrir \u00e1 samf\u00e9lagsmi\u00f0lum s\u00ed\u00f0an \u00ed fyrrahaust og er rekin undir merkjunum #meinlaust og @meinlaust. \u00cd fyrsta hluta hennar var sj\u00f3num beint a\u00f0 kynbundinni og kynfer\u00f0islegri \u00e1reitni, annar hluti var \u00ed samvinnu vi\u00f0 Samt\u00f6kin 78, \u00feri\u00f0ji hluti var \u00ed samvinnu vi\u00f0 [&hellip;]<\/p>\n","protected":false},"author":141,"featured_media":0,"comment_status":"open","ping_status":"open","sticky":false,"template":"","format":"standard","meta":{"footnotes":""},"categories":[158635],"tags":[],"class_list":["post-5750","post","type-post","status-publish","format-standard","hentry","category-malfar"],"_links":{"self":[{"href":"https:\/\/uni.hi.is\/eirikur\/wp-json\/wp\/v2\/posts\/5750","targetHints":{"allow":["GET"]}}],"collection":[{"href":"https:\/\/uni.hi.is\/eirikur\/wp-json\/wp\/v2\/posts"}],"about":[{"href":"https:\/\/uni.hi.is\/eirikur\/wp-json\/wp\/v2\/types\/post"}],"author":[{"embeddable":true,"href":"https:\/\/uni.hi.is\/eirikur\/wp-json\/wp\/v2\/users\/141"}],"replies":[{"embeddable":true,"href":"https:\/\/uni.hi.is\/eirikur\/wp-json\/wp\/v2\/comments?post=5750"}],"version-history":[{"count":1,"href":"https:\/\/uni.hi.is\/eirikur\/wp-json\/wp\/v2\/posts\/5750\/revisions"}],"predecessor-version":[{"id":5751,"href":"https:\/\/uni.hi.is\/eirikur\/wp-json\/wp\/v2\/posts\/5750\/revisions\/5751"}],"wp:attachment":[{"href":"https:\/\/uni.hi.is\/eirikur\/wp-json\/wp\/v2\/media?parent=5750"}],"wp:term":[{"taxonomy":"category","embeddable":true,"href":"https:\/\/uni.hi.is\/eirikur\/wp-json\/wp\/v2\/categories?post=5750"},{"taxonomy":"post_tag","embeddable":true,"href":"https:\/\/uni.hi.is\/eirikur\/wp-json\/wp\/v2\/tags?post=5750"}],"curies":[{"name":"wp","href":"https:\/\/api.w.org\/{rel}","templated":true}]}}