{"id":5842,"date":"2023-12-11T17:05:07","date_gmt":"2023-12-11T17:05:07","guid":{"rendered":"https:\/\/uni.hi.is\/eirikur\/?p=5842"},"modified":"2023-12-11T17:05:07","modified_gmt":"2023-12-11T17:05:07","slug":"ad-fasa-ut","status":"publish","type":"post","link":"https:\/\/uni.hi.is\/eirikur\/2023\/12\/11\/ad-fasa-ut\/","title":{"rendered":"A\u00f0 fasa \u00fat"},"content":{"rendered":"<p>\u00cd M\u00e1lv\u00f6ndunar\u00fe\u00e6ttinum s\u00e1 \u00e9g amast vi\u00f0 sambandinu <em>fasa \u00fat <\/em>sem er algengt \u00ed fr\u00e9ttum og annarri opinberri umr\u00e6\u00f0u og sk\u00fdrslum \u00feessa dagana. Fors\u00e6tisr\u00e1\u00f0herra sag\u00f0i t.d. n\u00fdlega \u00ed <a href=\"https:\/\/www.mbl.is\/frettir\/innlent\/2023\/12\/02\/raunverulegu_samningavidraedurnar_ad_hefjast\/\">vi\u00f0tali<\/a>: \u201eVi\u00f0 t\u00f6lum mj\u00f6g sk\u00fdrt fyrir \u00feeirri afst\u00f6\u00f0u a\u00f0 fasa \u00fat jar\u00f0efnaeldsneyti og a\u00f0 h\u00e6tta opinberum ni\u00f0urgrei\u00f0slum \u00e1 \u00fev\u00ed.\u201c \u00cd <a href=\"https:\/\/samradsgatt.island.is\/Skrar\/$Cases\/GetCaseFile\/?id=%7B01548774-87e2-ed11-9bb9-005056bcce7e%7D\">sk\u00fdrslunni<\/a> <em>Vindorka: Valkostir og greining<\/em> sem Stj\u00f3rnarr\u00e1\u00f0i\u00f0 gaf \u00fat \u00ed apr\u00edl sl. segir: \u201eLj\u00f3st er a\u00f0 ef markmi\u00f0 r\u00edkisstj\u00f3rnarinnar um a\u00f0 fasa jar\u00f0efnaeldsneyti a\u00f0 fullu \u00fat \u00e1 n\u00e6stu 17 \u00e1rum \u00e1 a\u00f0 n\u00e1st \u00fearf a\u00f0 huga heildst\u00e6tt a\u00f0 n\u00fdtingu orkukerfisins.\u201c \u00cd <em>Sk\u00fdrslu starfsh\u00f3ps um eflingu samf\u00e9lagsins \u00e1 Vestfj\u00f6r\u00f0um <\/em>fr\u00e1 \u00fev\u00ed \u00ed j\u00fan\u00ed sl. <a href=\"https:\/\/www.stjornarradid.is\/library\/02-Rit--skyrslur-og-skrar\/URN\/Efling_Samfelags_a_Vestfjordum_Web.pdf\">segir<\/a>: \u201eMarkmi\u00f0: A\u00f0 fasa \u00fat notkun jar\u00f0efnaeldsneyti[s] til h\u00fashitunar \u00e1 Vestfj\u00f6r\u00f0um fyrir \u00e1ri\u00f0 2030.\u201c<\/p>\n<p>Lj\u00f3st er af samhengi a\u00f0 <em>fasa \u00fat <\/em>er \u00fearna nota\u00f0 \u00ed s\u00f6mu merkingu og enska sambandi\u00f0 <em>phase out <\/em>sem \u00fea\u00f0 er komi\u00f0 af og <a href=\"https:\/\/dictionary.cambridge.org\/dictionary\/english\/phase-out\">sk\u00fdrt<\/a> er 'to remove or stop using something gradually or in stages', \u00fe.e. 'fjarl\u00e6gja e\u00f0a h\u00e6tta a\u00f0 nota eitthva\u00f0 sm\u00e1tt og sm\u00e1tt e\u00f0a \u00ed skrefum'. \u00deetta er mj\u00f6g n\u00fdlegt or\u00f0alag \u00ed \u00edslensku \u2013 elsta d\u00e6mi sem \u00e9g finn er \u00ed h\u00e9ra\u00f0sd\u00f3mi fr\u00e1 2011 \u00fear sem segir: \u201e\u00ed \u00fev\u00ed er gert r\u00e1\u00f0 fyrir a\u00f0 SPRON geti fasa\u00f0 \u00fat \u00fej\u00f3nustu\u00fe\u00e6tti.\u201c \u00cd <em>V\u00edsi <\/em>2016 segir: \u201eHeimas\u00edminn lifir enn g\u00f3\u00f0u l\u00edfi og \u00fea\u00f0 l\u00edtur \u00fat fyrir a\u00f0 honum ver\u00f0i fasa\u00f0 \u00fat h\u00e6gt og r\u00f3lega.\u201c \u00cd <em>Morgunbla\u00f0inu <\/em>2016 segir: \u201e\u00c1kv\u00e1\u00f0u stj\u00f3rnv\u00f6ld \u00fe\u00e1 a\u00f0 fasa \u00fat kjarnorku og loka kjarnorkuverum.\u201c \u00cd <em>Fr\u00e9ttabla\u00f0inu <\/em>2019 segir: \u201e\u00dear ver\u00f0ur m.a. r\u00e6tt samnorr\u00e6nt \u00e1tak a\u00f0 fasa \u00fat plasti \u00ed forhl\u00f6\u00f0um haglaskota.\u201c<\/p>\n<p>\u00deegar n\u00fdjar \u00e1hrifssagnir koma inn \u00ed m\u00e1li\u00f0 getur veri\u00f0 spurning hva\u00f0a falli \u00fe\u00e6r st\u00fdra, og eins og d\u00e6min h\u00e9r a\u00f0 framan s\u00fdna vir\u00f0ist fallstj\u00f3rn <em>fasa <\/em>vera \u00e1 reiki. \u00deolfall er nota\u00f0 \u00ed \u201efasa \u00fat \u00fej\u00f3nustu\u00fe\u00e6tti\u201c en \u00fe\u00e1gufall \u00ed \u201ehonum ver\u00f0i fasa\u00f0 \u00fat\u201c og \u201efasa \u00fat plasti\u201c. D\u00e6mi eru um \u00fdmist \u00feolfall e\u00f0a \u00fe\u00e1gufall me\u00f0 sama or\u00f0i: \u00cd <em>B\u00e6ndabla\u00f0inu <\/em>2020 er sagt a\u00f0 \u201efyrsti \u00e1fangi S\u00edmans vi\u00f0 a\u00f0 fasa \u00fat PSTN koparkerfi\u00f0, heimas\u00edma, hefjist 1. okt\u00f3ber n\u00e6stkomandi\u201c en \u00ed <em>Morgunbla\u00f0inu <\/em>sama \u00e1r segir: \u201eDanir f\u00f3ru \u00fe\u00e1 lei\u00f0 a\u00f0 fasa \u00fat \u00e1kve\u00f0num grunnkerfum.\u201c \u00cd algengustu notkun or\u00f0sins, d\u00e6mum eins og \u201efasa \u00fat jar\u00f0efnaeldsneyti\u201c, \u201efasa \u00fat notkun jar\u00f0efnaeldsneytis\u201c \u201efasa \u00fat ol\u00edu\u201c o.fl., er hins vegar ekki h\u00e6gt a\u00f0 sj\u00e1 hvort um \u00feolfall e\u00f0a \u00fe\u00e1gufall er a\u00f0 r\u00e6\u00f0a.<\/p>\n<p>\u00dear e\u00f0 sambandi\u00f0 er mj\u00f6g n\u00fdlegt finnst s\u00f6gnin <em>fasa <\/em>ekki \u00ed or\u00f0ab\u00f3kum en h\u00fan fellur \u00e1g\u00e6tlega a\u00f0 m\u00e1linu, sbr. <em>nasa<\/em>, <em>rasa<\/em>, <em>\u00ferasa <\/em>o.fl. A\u00f0eins 14 d\u00e6mi er um <em>fasa \u00fat <\/em>\u00e1 <em>t\u00edmarit.is<\/em>, flest fr\u00e1 s\u00ed\u00f0ustu \u00feremur \u00e1rum, og innan vi\u00f0 t\u00edu \u00ed <em>Risam\u00e1lheildinni<\/em>. Aftur \u00e1 m\u00f3ti eru t\u00edu d\u00e6mi um nafnor\u00f0i\u00f0 <em>\u00fatf\u00f6sun<\/em> \u00e1 <em>t\u00edmarit.is<\/em>, \u00fea\u00f0 elsta fr\u00e1 2002 en flest fr\u00e1 s\u00ed\u00f0ustu fimm \u00e1rum, og yfir 50 d\u00e6mi \u00ed <em>Risam\u00e1lheildinni<\/em>. Notkun <em>fasa \u00fat<\/em> hefur margfaldast \u00e1 s\u00ed\u00f0ustu m\u00e1nu\u00f0um, einkum \u00ed tengslum vi\u00f0 loftslagsumr\u00e6\u00f0u en einnig \u00ed \u00f6\u00f0ru samhengi. Einnig hefur sambandi\u00f0 <em>fasa ni\u00f0ur <\/em>heyrst \u00ed svipu\u00f0u samhengi en \u00ed ensku <a href=\"https:\/\/dictionary.cambridge.org\/dictionary\/english\/phase-down\">er til<\/a> <em>phase down<\/em> \u00ed s\u00f6mu merkingu og <em>phase out<\/em>. Sambandi\u00f0 <em>fasa \u00fat<\/em> er gagnlegt \u00ed \u00edslensku \u2013 merkir anna\u00f0 en b\u00e6\u00f0i <em>draga \u00far<\/em> og <em>h\u00e6tta<\/em>. \u00c9g s\u00e9 ekkert m\u00e6la gegn \u00fev\u00ed.<\/p>\n","protected":false},"excerpt":{"rendered":"<p>\u00cd M\u00e1lv\u00f6ndunar\u00fe\u00e6ttinum s\u00e1 \u00e9g amast vi\u00f0 sambandinu fasa \u00fat sem er algengt \u00ed fr\u00e9ttum og annarri opinberri umr\u00e6\u00f0u og sk\u00fdrslum \u00feessa dagana. Fors\u00e6tisr\u00e1\u00f0herra sag\u00f0i t.d. n\u00fdlega \u00ed vi\u00f0tali: \u201eVi\u00f0 t\u00f6lum mj\u00f6g sk\u00fdrt fyrir \u00feeirri afst\u00f6\u00f0u a\u00f0 fasa \u00fat jar\u00f0efnaeldsneyti og a\u00f0 h\u00e6tta opinberum ni\u00f0urgrei\u00f0slum \u00e1 \u00fev\u00ed.\u201c \u00cd sk\u00fdrslunni Vindorka: Valkostir og greining sem Stj\u00f3rnarr\u00e1\u00f0i\u00f0 gaf [&hellip;]<\/p>\n","protected":false},"author":141,"featured_media":0,"comment_status":"open","ping_status":"open","sticky":false,"template":"","format":"standard","meta":{"footnotes":""},"categories":[158635],"tags":[],"class_list":["post-5842","post","type-post","status-publish","format-standard","hentry","category-malfar"],"_links":{"self":[{"href":"https:\/\/uni.hi.is\/eirikur\/wp-json\/wp\/v2\/posts\/5842","targetHints":{"allow":["GET"]}}],"collection":[{"href":"https:\/\/uni.hi.is\/eirikur\/wp-json\/wp\/v2\/posts"}],"about":[{"href":"https:\/\/uni.hi.is\/eirikur\/wp-json\/wp\/v2\/types\/post"}],"author":[{"embeddable":true,"href":"https:\/\/uni.hi.is\/eirikur\/wp-json\/wp\/v2\/users\/141"}],"replies":[{"embeddable":true,"href":"https:\/\/uni.hi.is\/eirikur\/wp-json\/wp\/v2\/comments?post=5842"}],"version-history":[{"count":1,"href":"https:\/\/uni.hi.is\/eirikur\/wp-json\/wp\/v2\/posts\/5842\/revisions"}],"predecessor-version":[{"id":5843,"href":"https:\/\/uni.hi.is\/eirikur\/wp-json\/wp\/v2\/posts\/5842\/revisions\/5843"}],"wp:attachment":[{"href":"https:\/\/uni.hi.is\/eirikur\/wp-json\/wp\/v2\/media?parent=5842"}],"wp:term":[{"taxonomy":"category","embeddable":true,"href":"https:\/\/uni.hi.is\/eirikur\/wp-json\/wp\/v2\/categories?post=5842"},{"taxonomy":"post_tag","embeddable":true,"href":"https:\/\/uni.hi.is\/eirikur\/wp-json\/wp\/v2\/tags?post=5842"}],"curies":[{"name":"wp","href":"https:\/\/api.w.org\/{rel}","templated":true}]}}