{"id":6096,"date":"2024-02-23T11:55:30","date_gmt":"2024-02-23T11:55:30","guid":{"rendered":"https:\/\/uni.hi.is\/eirikur\/?p=6096"},"modified":"2024-02-23T13:06:26","modified_gmt":"2024-02-23T13:06:26","slug":"naerrum-thvi","status":"publish","type":"post","link":"https:\/\/uni.hi.is\/eirikur\/2024\/02\/23\/naerrum-thvi\/","title":{"rendered":"N\u00e6rrum \u00fev\u00ed"},"content":{"rendered":"<p>\u00cd M\u00e1lv\u00f6ndunar\u00fe\u00e6ttinum s\u00e1 \u00e9g vitna\u00f0 \u00ed augl\u00fdsingu \u00e1 Facebook-s\u00ed\u00f0u \u00fatvarpsst\u00f6\u00f0varinnar <em>X977<\/em> \u00fear sem <a href=\"https:\/\/www.facebook.com\/x977.is\/videos\/1193923591991105\/\">st\u00f3\u00f0<\/a> \u201emugison og 10 hlutir sem a\u00f0 skipta honum n\u00e6rrum \u00fev\u00ed \u00f6llu m\u00e1li!\u201c. V\u00e6ntanlega hefur \u00fea\u00f0 veri\u00f0 m.a. or\u00f0i\u00f0 <em>n\u00e6rrum <\/em>sem vakti athygli \u00feess sem benti \u00e1 \u00feetta og vissulega m\u00e6tti b\u00faast vi\u00f0 a\u00f0 \u00fearna st\u00e6\u00f0i frekar <em>n\u00e6rri \u00fev\u00ed <\/em>\u2013 og \u00fea\u00f0 segir Mugison greinilega \u00ed myndbandi sem fylgir Facebook-f\u00e6rslunni. Or\u00f0i\u00f0 <em>n\u00e6rrum <\/em>finnst hvergi \u00ed or\u00f0ab\u00f3kum e\u00f0a m\u00e1ll\u00fdsingum, hvorki sem uppflettior\u00f0 n\u00e9 beygingarmynd \u2013 a\u00f0eins <em>n\u00e6rri <\/em>og <em>n\u00e6stum<\/em>. \u00c9g h\u00e9lt fyrst a\u00f0 \u00fearna v\u00e6ri um tilviljanakennda villu af einhverju tagi a\u00f0 r\u00e6\u00f0a en vi\u00f0 n\u00e1nari athugun kom \u00ed lj\u00f3s a\u00f0 <em>n\u00e6rrum <\/em>hefur t\u00ed\u00f0kast a\u00f0 einhverju leyti undanfarin tuttugu \u00e1r e\u00f0a meira og ver\u00f0ur s\u00edfellt algengara.<\/p>\n<p>Elsta d\u00e6mi um <em>n\u00e6rrum <\/em>\u00e1 <em>t\u00edmarit.is <\/em>er \u00ed <em>Fr\u00e9ttabla\u00f0inu <\/em>2003: \u201eLance Bass, s\u00f6ngvari *Nsync sem komst n\u00e6rrum \u00fev\u00ed upp \u00ed geim.\u201c \u00cd <em>Or\u00f0laus <\/em>2004 segir: \u201e\u00de\u00fa \u00fearft a\u00f0 hlaupa \u00e1 milli og kemst ekki \u00e1 n\u00e6rrum \u00fev\u00ed alla sta\u00f0ina sem \u00fe\u00fa ert be\u00f0in um a\u00f0 fara \u00e1.\u201c \u00cd <em>DV <\/em>2009 segir: \u201eGengi\u00f0 \u00e1 s\u00ed\u00f0asta t\u00edmabili var hins vegar ekki n\u00e6rrum \u00fev\u00ed jafn gott.\u201c \u00cd <em>DV <\/em>2014 segir: \u201eHann tefldi sj\u00e1lfur me\u00f0 landsli\u00f0s \u00cdslands \u00ed n\u00e6rrum \u00fev\u00ed tuttugu \u00e1r.\u201c \u00cd <em>Morgunbla\u00f0inu <\/em>2016 segir: \u201eFyrir \u00fev\u00ed hefur frelsi \u00fej\u00f3\u00f0arinnar og s\u00fa bar\u00e1tta sem h\u00e1\u00f0 var til a\u00f0 n\u00e1 \u00fev\u00ed marki veri\u00f0 n\u00e6rrum \u00fev\u00ed \u00e1\u00fereifanlegt.\u201c Alls eru 16 d\u00e6mi um <em>n\u00e6rrum <\/em>\u00e1 <em>t\u00edmarit.is<\/em>, \u00f6ll nema eitt \u00ed sambandinu <em>n\u00e6rrum \u00fev\u00ed<\/em> \u2013 \u00ed <em>B\u00e6jarins besta <\/em>2007 segir: \u201eT\u00f3fan er or\u00f0in svo sk\u00e6\u00f0 a\u00f0 h\u00fan er n\u00e6rrum b\u00fain a\u00f0 \u00fatr\u00fdma m\u00f3fuglinum.\u201c<\/p>\n<p>Eins og oftast er me\u00f0 n\u00fdjungar eru d\u00e6min \u00ed <em>Risam\u00e1lheildinni <\/em>margfalt fleiri. Elsta d\u00e6mi\u00f0 \u00fear um <em>n\u00e6rrum <\/em>er \u00e1 <em>Hugi.is <\/em>2001: \u201e\u00e9g er a\u00f0 fara a\u00f0 f\u00e1 m\u00e9r Parasound pre- og poweramplifier [\u2026] sem er ekki einu sinni \u00ed n\u00e6rrum \u00fev\u00ed \u00f6llum b\u00ed\u00f3um! \u00c1 samf\u00e9lagsmi\u00f0lunum <em>Hugi.is<\/em>, <em>Bland.is <\/em>og <em>M\u00e1lefnin.com<\/em> hefur or\u00f0myndin <em>n\u00e6rrum<\/em> veri\u00f0 notu\u00f0 alveg fr\u00e1 upphafi mi\u00f0lanna \u00e1 \u00e1runum upp \u00far aldam\u00f3tum, og fj\u00f6ldi d\u00e6ma \u00e1 \u00feessum fyrstu \u00e1rum bendir til \u00feess a\u00f0 \u00feessi or\u00f0mynd hafi \u00feegar veri\u00f0 komin \u00ed verulega notkun um aldam\u00f3t. Alls eru um 1250 d\u00e6mi um <em>n\u00e6rrum <\/em>\u00ed <em>Risam\u00e1lheildinni<\/em>, langflest \u00e1 samf\u00e9lagsmi\u00f0lum eins og vi\u00f0 er a\u00f0 b\u00faast en \u00fe\u00f3 eru t\u00e6p 100 d\u00e6mi \u00far \u00f6\u00f0rum textum. \u00c1samt d\u00e6mum af <em>t\u00edmarit.is<\/em> s\u00fdnir \u00fea\u00f0 a\u00f0 or\u00f0i\u00f0 er komin inn \u00ed formlegra m\u00e1l.<\/p>\n<p>Atviksor\u00f0in <em><a href=\"https:\/\/islenskordabok.arnastofnun.is\/ord\/30342\">n\u00e6rri<\/a> <\/em>og <em><a href=\"https:\/\/islenskordabok.arnastofnun.is\/ord\/30363\">n\u00e6stum<\/a> <\/em>merkja \u00fea\u00f0 sama, 'n\u00e1nast alveg' (\u00fe\u00f3tt <em>n\u00e6rri<\/em> geti einnig haft a\u00f0rar merkingar) og sama m\u00e1li gegnir um samb\u00f6ndin <em><a href=\"https:\/\/islenskordabok.arnastofnun.is\/ord\/30343\">n\u00e6rri \u00fev\u00ed<\/a> <\/em>og <em><a href=\"https:\/\/islenskordabok.arnastofnun.is\/ord\/54671\">n\u00e6stum \u00fev\u00ed<\/a> <\/em>sem eru sj\u00e1lfst\u00e6\u00f0ar flettur \u00ed <em>\u00cdslenskri n\u00fat\u00edmam\u00e1lsor\u00f0ab\u00f3k <\/em>og sk\u00fdr\u00f0 hvort me\u00f0 \u00f6\u00f0ru. \u00dea\u00f0 liggur beint vi\u00f0 a\u00f0 telja a\u00f0 \u00feessum tveim or\u00f0um e\u00f0a samb\u00f6ndum hafi slegi\u00f0 saman \u00ed <em>n\u00e6rrum <\/em>(<em>\u00fev\u00ed<\/em>) \u2013 seinna atkv\u00e6\u00f0i\u00f0 \u00ed <em>n\u00e6rri <\/em>\u00ed sambandinu <em>n\u00e6rri \u00fev\u00ed <\/em>er l\u00edka oft \u00f3greinilegt \u00ed frambur\u00f0i og hugsanlegt a\u00f0 skynja or\u00f0i\u00f0 sem <em>n\u00e6rrum<\/em>. \u00cd sj\u00e1lfu s\u00e9r er <em>n\u00e6rrum <\/em>ekkert \u00f3e\u00f0lilegra en <em>n\u00e6stum <\/em>sem <a href=\"https:\/\/ordsifjabok.arnastofnun.is\/faersla\/13478\">komi\u00f0 er<\/a> \u00far <em>n\u00e6st um<\/em>, og \u00fear sem \u00fea\u00f0 er or\u00f0i\u00f0 a.m.k. aldarfj\u00f3r\u00f0ungs gamalt \u00ed m\u00e1linu og komi\u00f0 \u00ed t\u00f6luver\u00f0a notkun s\u00e9 \u00e9g enga s\u00e9rstaka \u00e1st\u00e6\u00f0u til a\u00f0 amast vi\u00f0 \u00fev\u00ed \u2013 \u00feetta eru engin alvarleg m\u00e1lspj\u00f6ll.<\/p>\n","protected":false},"excerpt":{"rendered":"<p>\u00cd M\u00e1lv\u00f6ndunar\u00fe\u00e6ttinum s\u00e1 \u00e9g vitna\u00f0 \u00ed augl\u00fdsingu \u00e1 Facebook-s\u00ed\u00f0u \u00fatvarpsst\u00f6\u00f0varinnar X977 \u00fear sem st\u00f3\u00f0 \u201emugison og 10 hlutir sem a\u00f0 skipta honum n\u00e6rrum \u00fev\u00ed \u00f6llu m\u00e1li!\u201c. V\u00e6ntanlega hefur \u00fea\u00f0 veri\u00f0 m.a. or\u00f0i\u00f0 n\u00e6rrum sem vakti athygli \u00feess sem benti \u00e1 \u00feetta og vissulega m\u00e6tti b\u00faast vi\u00f0 a\u00f0 \u00fearna st\u00e6\u00f0i frekar n\u00e6rri \u00fev\u00ed \u2013 og \u00fea\u00f0 [&hellip;]<\/p>\n","protected":false},"author":141,"featured_media":0,"comment_status":"open","ping_status":"open","sticky":false,"template":"","format":"standard","meta":{"footnotes":""},"categories":[158635],"tags":[],"class_list":["post-6096","post","type-post","status-publish","format-standard","hentry","category-malfar"],"_links":{"self":[{"href":"https:\/\/uni.hi.is\/eirikur\/wp-json\/wp\/v2\/posts\/6096","targetHints":{"allow":["GET"]}}],"collection":[{"href":"https:\/\/uni.hi.is\/eirikur\/wp-json\/wp\/v2\/posts"}],"about":[{"href":"https:\/\/uni.hi.is\/eirikur\/wp-json\/wp\/v2\/types\/post"}],"author":[{"embeddable":true,"href":"https:\/\/uni.hi.is\/eirikur\/wp-json\/wp\/v2\/users\/141"}],"replies":[{"embeddable":true,"href":"https:\/\/uni.hi.is\/eirikur\/wp-json\/wp\/v2\/comments?post=6096"}],"version-history":[{"count":3,"href":"https:\/\/uni.hi.is\/eirikur\/wp-json\/wp\/v2\/posts\/6096\/revisions"}],"predecessor-version":[{"id":6100,"href":"https:\/\/uni.hi.is\/eirikur\/wp-json\/wp\/v2\/posts\/6096\/revisions\/6100"}],"wp:attachment":[{"href":"https:\/\/uni.hi.is\/eirikur\/wp-json\/wp\/v2\/media?parent=6096"}],"wp:term":[{"taxonomy":"category","embeddable":true,"href":"https:\/\/uni.hi.is\/eirikur\/wp-json\/wp\/v2\/categories?post=6096"},{"taxonomy":"post_tag","embeddable":true,"href":"https:\/\/uni.hi.is\/eirikur\/wp-json\/wp\/v2\/tags?post=6096"}],"curies":[{"name":"wp","href":"https:\/\/api.w.org\/{rel}","templated":true}]}}