{"id":6101,"date":"2024-02-24T20:04:01","date_gmt":"2024-02-24T20:04:01","guid":{"rendered":"https:\/\/uni.hi.is\/eirikur\/?p=6101"},"modified":"2024-02-26T20:34:15","modified_gmt":"2024-02-26T20:34:15","slug":"hann-er-eitt-af-monnunum","status":"publish","type":"post","link":"https:\/\/uni.hi.is\/eirikur\/2024\/02\/24\/hann-er-eitt-af-monnunum\/","title":{"rendered":"Hann er eitt af m\u00f6nnunum"},"content":{"rendered":"<p>\u00cd g\u00e6r spannst h\u00e9r \u00e1hugaver\u00f0 umr\u00e6\u00f0a \u00fat fr\u00e1 innleggi Hj\u00e1lmars G\u00edslasonar sem haf\u00f0i teki\u00f0 eftir \u00fev\u00ed a\u00f0 sonur hans nota\u00f0i oft sambandi\u00f0 <em>eitt af <\/em>\u00ed hvorugkyni \u00ed v\u00edsun til kynjablanda\u00f0s h\u00f3ps, jafnvel \u00fe\u00f3tt nafnor\u00f0i\u00f0 sem nota\u00f0 v\u00e6ri um h\u00f3pinn v\u00e6ri \u00ed karlkyni \u2013 <em>eitt af j\u00fatj\u00faberunum<\/em>, <em>eitt af gaurunum <\/em>o.s.frv. Fleiri \u00fe\u00e1tttakendur \u00ed umr\u00e6\u00f0unni k\u00f6nnu\u00f0ust vi\u00f0 samb\u00e6rileg d\u00e6mi fr\u00e1 s\u00ednum b\u00f6rnum en Haukur \u00deorgeirsson benti \u00e1 a\u00f0 hugsanlega v\u00e6ri ekki um virkt hvorugkyn a\u00f0 r\u00e6\u00f0a \u00ed sl\u00edkum d\u00e6mum heldur v\u00e6ri sambandi\u00f0 <em>eitt af<\/em> skynja\u00f0 sem heild, \u00e1n tengsla vi\u00f0 t\u00f6luor\u00f0i\u00f0 \/ fornafni\u00f0 <em>einn<\/em>. \u00deetta er erfitt a\u00f0 rannsaka vegna \u00feess a\u00f0 heimildir um m\u00e1l barna og unglinga eru af skornum skammti. Helst er \u00fe\u00f3 a\u00f0 leita \u00ed samf\u00e9lagsmi\u00f0lahluta <em>Risam\u00e1lheildarinnar<\/em>.<\/p>\n<p>\u00dear m\u00e1 finna mikinn fj\u00f6lda d\u00e6ma um a\u00f0 <em>eitt af <\/em>s\u00e9 nota\u00f0 \u00ed v\u00edsun til karlkyns- e\u00f0a kvenkynsor\u00f0s \u00ed sta\u00f0 <em>einn af <\/em>e\u00f0a <em>ein af<\/em>. \u00c1 <em>Bland.is <\/em>2004 segir: \u201ehann vann \u00ed bing\u00f3i um j\u00f3lin og eitt af vinningunum sem hann f\u00e9kk var h\u00e1karl.\u201c \u00c1 <em>Bland.is <\/em>2004 segir: \u201esvimi er eitt af aukaverkununum sem \u00e9g finn \u00e1 doktor.is.\u201c \u00c1 <em>Bland.is <\/em>2005 segir: \u201eH\u00fan er eitt af leyndard\u00f3mum minnar fyrrverandi tengdam\u00f3\u00f0ur.\u201c \u00c1 <em>Bland.is <\/em>2005 segir: \u201en\u00fa er m\u00edn komin \u00ed 7 \u00e1ra bekk og \u00fear er kristinfr\u00e6\u00f0i eitt af n\u00e1msgreinunum.\u201c \u00c1 <em>Bland.is <\/em>2007 segir: \u201eog er \u00fea\u00f0 eitt af upp\u00e1haldsmatnum hennar.\u201c \u00c1 <em>Hugi.is <\/em>2010 segir: \u201e\u00de\u00fa ert eitt af m\u00f6nnunum sem kom me\u00f0 r\u00e1\u00f0 vi\u00f0 \u00fev\u00ed sem \u00e9g ba\u00f0 um.\u201c \u00c1 <em>twitter <\/em>2016 segir: \u201eEr \u00fea\u00f0 eitt af kennslugreinum grunnsk\u00f3lans?\u201c<\/p>\n<p>Ef\u00a0<em>eitt af\u00a0<\/em>er or\u00f0i\u00f0 frosi\u00f0 samband \u00ed m\u00e1li sumra m\u00e6tti b\u00faast vi\u00f0 a\u00f0 finna \u00fea\u00f0 \u00ed \u00fe\u00e1gufalli og eignarfalli \u00fear sem annars v\u00e6ri von \u00e1\u00a0<em>einu af\u00a0<\/em>e\u00f0a\u00a0<em>eins af<\/em>, eins og Haukur benti \u00e1. Sl\u00edk d\u00e6mi m\u00e1 finna \u2013 \u00e1 <em>twitter <\/em>2012 segir: \u201e\u00dearf eitt RT fr\u00e1 eitt af stj\u00f6rnum \u00edslands!\u201c \u00c1\u00a0<em>Bland.is\u00a0<\/em>2013 segir: \u201ehann var svo stuttur hj\u00e1 eitt af b\u00f6rnunum m\u00ednum a\u00f0 \u00e9g n\u00e1\u00f0i varla a\u00f0 halda \u00e1 barninu m\u00ednu.\u201c \u00c1\u00a0<em>Bland.is\u00a0<\/em>2011 segir: \u201eEr me\u00f0 \u00fatrunni\u00f0 vegabr\u00e9f en er a\u00f0 fara til eitt af nor\u00f0url\u00f6ndunum.\u201c \u00c1\u00a0<em>Bland.is\u00a0<\/em>2014 segir: \u201e\u00c9g \u00feekki n\u00fa til eitt af \u00feessum b\u00f6rnum.\u201c \u00c1\u00a0<em>Hugi.is\u00a0<\/em>2009 segir: \u201e\u00feekkti ekki neinn \u00fear til eitt af g\u00f6mlu f\u00e9lugum m\u00ednum kenndi m\u00e9r a\u00f0 reykja.\u201c \u00c1\u00a0<em>twitter\u00a0<\/em>2016 segir: \u201e\u00de\u00fa \u00fearft eiginlega a\u00f0 vera p\u00ednu skr\u00edtinn a\u00f0 \u00feekkja ekki til eitt af mestu tr\u00f6llum austfjar\u00f0a.\u201c<\/p>\n<p>\u00dea\u00f0 m\u00e1 l\u00edka finna nokku\u00f0 af d\u00e6mum um <em>eitt af <\/em>me\u00f0 s\u00f6gn \u00ed fleirt\u00f6lu og \u00ed v\u00edsun til nafnor\u00f0s \u00ed karlkyni e\u00f0a kvenkyni eint\u00f6lu e\u00f0a fleirt\u00f6lu. \u00c1 <em>Bland.is <\/em>2011 segir: \u201e\u00daff \u00feetta eru eitt af erfi\u00f0ustu sj\u00faklingunum held \u00e9g.\u201c \u00c1 <em>Hugi.is <\/em>2002 segir: \u201eFriends eru eitt af upp\u00e1halds \u00fe\u00e1ttunum m\u00ednum.\u201c \u00c1 <em>Hugi.is <\/em>2003 segir: \u201e\u00feessar r\u00edmur eru eitt af fyrstu r\u00edmunum sem \u00e9g er b\u00fainn a\u00f0 semja.\u201c \u00c1 <em>Hugi.is <\/em>2004 segir: \u201e\u00dea\u00f0 eru eitt af bestu g\u00edturum sem \u00e9g hef pr\u00f3fa\u00f0.\u201c \u00c1 <em>Bland.is <\/em>2013 segir: \u201eFimleikar eru eitt af d\u00fdrustu \u00ed\u00fer\u00f3ttunum \u00fev\u00ed mi\u00f0ur.\u201c \u00c1 <em>Bland.is <\/em>2013 segir: \u201e\u00deetta eru eitt af bestu barnahundum sem eru til.\u201c\u201c \u00c1 <em>twitter <\/em>2021 segir: \u201eSjallar eru eitt af megin\u00e1st\u00e6\u00f0um af hverju ungt f\u00f3lk getur ekki keypt s\u00edna fyrstu eign lengur.\u201c<\/p>\n<p>Einnig m\u00e1 finna f\u00e1ein d\u00e6mi um a\u00f0 sambandi\u00f0 s\u00e9 skrifa\u00f0 \u00ed einu lagi, <em>eittaf<\/em> \u2013 \u201eer \u00feetta ekki bara eittaf sigrum okkar sem alheimur?\u201c segir t.d. \u00e1 <em>twitter <\/em>2016. En \u00fe\u00f3tt sambandi\u00f0 s\u00e9 oftast skrifa\u00f0 <em>eitt af <\/em>er lj\u00f3st a\u00f0 \u00ed \u00f6llum framangreindum d\u00e6mum hagar \u00fea\u00f0 s\u00e9r eins og ein \u00f3beygjanleg heild \u2013 beygist ekki \u00ed kyni, t\u00f6lu e\u00f0a falli. D\u00e6min eru svo m\u00f6rg a\u00f0 \u00fatiloka\u00f0 er a\u00f0 afgrei\u00f0a \u00feau sem einhvers konar flj\u00f3tf\u00e6rnisvillu, heldur hlj\u00f3ta \u00feau a\u00f0 s\u00fdna m\u00e1lbreytingu \u00ed gangi \u2013 og s\u00fa breyting \u00e1 s\u00e9r a.m.k. tuttugu \u00e1ra s\u00f6gu. \u00dear sem svo m\u00f6rg og svo g\u00f6mul d\u00e6mi koma fram \u00e1 samf\u00e9lagsmi\u00f0lum \u00fear sem h\u00f6fundar eru v\u00e6ntanlega a.m.k. komnir \u00e1 unglings\u00e1r er tr\u00falegt a\u00f0 \u00feessi breyting s\u00e9 or\u00f0in mj\u00f6g \u00fatbreidd \u00ed m\u00e1li barna, og umr\u00e6\u00f0an h\u00e9r \u00ed g\u00e6r bendir l\u00edka til \u00feess.<\/p>\n<p>\u00dea\u00f0 er svo sem ekkert einsd\u00e6mi a\u00f0 samb\u00f6nd sem innihalda beygjanleg or\u00f0 \u201efrj\u00f3si\u201c \u00e1 \u00feennan h\u00e1tt \u2013 h\u00e6tti a\u00f0 taka mi\u00f0 af \u00f6\u00f0rum or\u00f0um \u00ed setningunni en komi alltaf fram \u00ed s\u00f6mu mynd. Eitt \u00feekktasta d\u00e6mi\u00f0 er <em>ver\u00f0a var vi\u00f0<\/em> \u00fear sem <em>var <\/em>er l\u00fdsingaror\u00f0 og sambandi\u00f0 \u00e6tti \u00fev\u00ed a\u00f0 vera <em>ver\u00f0a v\u00f6r vi\u00f0 <\/em>\u00ed kvenkyni en stundum breg\u00f0ur \u00fe\u00f3 \u00fat af \u00fev\u00ed eins og G\u00edsli J\u00f3nsson <a href=\"https:\/\/timarit.is\/page\/1764708?iabr=on#page\/n9\/mode\/1up\/\">skrifa\u00f0i<\/a> t.d. um \u00ed <em>Morgunbla\u00f0inu <\/em>1992: \u201eSl\u00edk notkun \u00feekkist n\u00fa vart. F\u00f3lk vir\u00f0ist a\u00f0eins \u00feekkja or\u00f0alagi\u00f0 \u201e<strong>var<\/strong> vi\u00f0\u201c.\u201c Anna\u00f0 hugsanlegt d\u00e6mi er <em>ver\u00f0a valdur a\u00f0<\/em> sem \u00e9g <a href=\"https:\/\/uni.hi.is\/eirikur\/2023\/12\/30\/valdur-lysingarord-eda-nafnord\/\">skrifa\u00f0i<\/a> um n\u00fdlega en \u00fea\u00f0 m\u00e1 \u00fe\u00f3 einnig sk\u00fdra \u00e1 annan h\u00e1tt. M\u00e9r s\u00fdnist lj\u00f3st a\u00f0 <em>eitt af <\/em>stefni \u00ed s\u00f6mu \u00e1tt en veri\u00f0 alveg r\u00f3leg \u2013 \u00feetta \u00e1 sennilega ekkert skylt vi\u00f0 kynhlutlaust m\u00e1l \u00fe\u00f3tt \u00fea\u00f0 g\u00e6ti reyndar lagt sitt af m\u00f6rkum til \u00feess.<\/p>\n","protected":false},"excerpt":{"rendered":"<p>\u00cd g\u00e6r spannst h\u00e9r \u00e1hugaver\u00f0 umr\u00e6\u00f0a \u00fat fr\u00e1 innleggi Hj\u00e1lmars G\u00edslasonar sem haf\u00f0i teki\u00f0 eftir \u00fev\u00ed a\u00f0 sonur hans nota\u00f0i oft sambandi\u00f0 eitt af \u00ed hvorugkyni \u00ed v\u00edsun til kynjablanda\u00f0s h\u00f3ps, jafnvel \u00fe\u00f3tt nafnor\u00f0i\u00f0 sem nota\u00f0 v\u00e6ri um h\u00f3pinn v\u00e6ri \u00ed karlkyni \u2013 eitt af j\u00fatj\u00faberunum, eitt af gaurunum o.s.frv. Fleiri \u00fe\u00e1tttakendur \u00ed umr\u00e6\u00f0unni k\u00f6nnu\u00f0ust [&hellip;]<\/p>\n","protected":false},"author":141,"featured_media":0,"comment_status":"open","ping_status":"open","sticky":false,"template":"","format":"standard","meta":{"footnotes":""},"categories":[158635],"tags":[],"class_list":["post-6101","post","type-post","status-publish","format-standard","hentry","category-malfar"],"_links":{"self":[{"href":"https:\/\/uni.hi.is\/eirikur\/wp-json\/wp\/v2\/posts\/6101","targetHints":{"allow":["GET"]}}],"collection":[{"href":"https:\/\/uni.hi.is\/eirikur\/wp-json\/wp\/v2\/posts"}],"about":[{"href":"https:\/\/uni.hi.is\/eirikur\/wp-json\/wp\/v2\/types\/post"}],"author":[{"embeddable":true,"href":"https:\/\/uni.hi.is\/eirikur\/wp-json\/wp\/v2\/users\/141"}],"replies":[{"embeddable":true,"href":"https:\/\/uni.hi.is\/eirikur\/wp-json\/wp\/v2\/comments?post=6101"}],"version-history":[{"count":3,"href":"https:\/\/uni.hi.is\/eirikur\/wp-json\/wp\/v2\/posts\/6101\/revisions"}],"predecessor-version":[{"id":6114,"href":"https:\/\/uni.hi.is\/eirikur\/wp-json\/wp\/v2\/posts\/6101\/revisions\/6114"}],"wp:attachment":[{"href":"https:\/\/uni.hi.is\/eirikur\/wp-json\/wp\/v2\/media?parent=6101"}],"wp:term":[{"taxonomy":"category","embeddable":true,"href":"https:\/\/uni.hi.is\/eirikur\/wp-json\/wp\/v2\/categories?post=6101"},{"taxonomy":"post_tag","embeddable":true,"href":"https:\/\/uni.hi.is\/eirikur\/wp-json\/wp\/v2\/tags?post=6101"}],"curies":[{"name":"wp","href":"https:\/\/api.w.org\/{rel}","templated":true}]}}