{"id":6216,"date":"2024-04-03T14:20:31","date_gmt":"2024-04-03T14:20:31","guid":{"rendered":"https:\/\/uni.hi.is\/eirikur\/?p=6216"},"modified":"2024-04-03T14:20:31","modified_gmt":"2024-04-03T14:20:31","slug":"ef-thorf-kraefi","status":"publish","type":"post","link":"https:\/\/uni.hi.is\/eirikur\/2024\/04\/03\/ef-thorf-kraefi\/","title":{"rendered":"Ef \u00fe\u00f6rf kr\u00e6fi"},"content":{"rendered":"<p>\u00cd dag s\u00e1 \u00e9g sagnmyndina <em>kr\u00e6fist <\/em>\u00ed <a href=\"https:\/\/www.visir.is\/g\/20242551254d\/her-kvadningar-aldurinn-laekkadur-ur-27-arum-i-25-ar\">fr\u00e9tt<\/a> \u00e1 vefmi\u00f0li: \u201eSelensk\u00ed haf\u00f0i \u00e1\u00f0ur sagt a\u00f0 hann myndi ekki undirrita l\u00f6gin nema nau\u00f0syn kr\u00e6fist.\u201c \u00dearna er vissulega venja a\u00f0 nota myndina <em>kref\u00f0ist <\/em>en <em>kr\u00e6fist <\/em>er \u00fe\u00f3 ekki einsd\u00e6mi. Elsta d\u00e6mi\u00f0 sem \u00e9g finn \u00e1 <em>t\u00edmarit.is <\/em>er \u00ed <em>\u00cdsafold <\/em>1904: \u201eeg aftala\u00f0i \u00fea\u00f0 strax daginn eftir, \u00fe\u00f3 gegn \u00fev\u00ed a\u00f0 grei\u00f0a J\u00f3ni Helgasyni af m\u00ednum h\u00e1lfparti [\u2026] ef hann kr\u00e6fist \u00feess.\u201c \u00cd <em>Munin <\/em>1936 segir: \u201e\u00deetta g\u00e6ti stafa\u00f0 af \u00fev\u00ed, a\u00f0 n\u00e1mi\u00f0 kr\u00e6fist sl\u00edks.\u201c \u00cd <em>Morgunbla\u00f0inu <\/em>1946 segir: \u201eM\u00f6nnum hefir veri\u00f0 sagt a\u00f0 m\u00e1li\u00f0 v\u00e6ri undirb\u00fai\u00f0 og kr\u00e6fist framkv\u00e6mda.\u201c En \u00feetta er ekki bundi\u00f0 vi\u00f0 mi\u00f0mynd sagnarinnar <em>krefja<\/em> \u2013 d\u00e6min um <em>kr\u00e6fi <\/em>\u00ed sta\u00f0 <em>kref\u00f0i <\/em>\u00ed germynd eru mun fleiri, einkum \u00ed samb\u00f6ndunum <em>nau\u00f0syn kr\u00e6fi <\/em>og <em>\u00fe\u00f6rf kr\u00e6fi<\/em>.<\/p>\n<p>\u00cd r\u00e6\u00f0u \u00e1 Al\u00feingi 1911 segir: \u201eOg mundi h\u00fan ekki ver\u00f0a notu\u00f0, nema ef nau\u00f0syn kr\u00e6fi.\u201c <em>Lesb\u00f3k Morgunbla\u00f0sins <\/em>1929 segir: \u201ever\u00f0a \u00fear s\u00e6ti fyrir 80 \u00e1heyrendur, en koma m\u00e6tti um 100 fyrir, ef nau\u00f0syn kr\u00e6fi.\u201c \u00cd <em>R\u00e9tti <\/em>1938 segir: \u201eVar\u00f0li\u00f0i\u00f0 var auki\u00f0 og gefin \u00fat skipun um a\u00f0 skj\u00f3ta \u00e1 f\u00f3lki\u00f0, ef \u00fe\u00f6rf kr\u00e6fi.\u201c \u00cd <em>Fr\u00e9ttabla\u00f0inu <\/em>2009 segir: \u201eHra\u00f0a \u00e1tti vinnu r\u00e1\u00f0herranefndar og gera till\u00f6gur \u00ed samr\u00e1\u00f0i vi\u00f0 a\u00f0ila vinnumarka\u00f0arins um vi\u00f0b\u00f3tar\u00farr\u00e6\u00f0i ef \u00fe\u00f6rf kr\u00e6fi.\u201c \u00cd h\u00e9ra\u00f0sd\u00f3mi fr\u00e1 2011 segir: \u201eSkyldi gera t\u00edmasetta \u00e1\u00e6tlun um framkv\u00e6md \u00farb\u00f3ta ef \u00fe\u00f6rf kr\u00e6fi.\u201c Alls er \u00e1 anna\u00f0 hundra\u00f0 d\u00e6ma um myndir me\u00f0 <em>kr\u00e6f- <\/em>\u00ed sta\u00f0 <em>kref\u00f0- <\/em>\u00e1 <em>t\u00edmarit.is<\/em> og \u00ed <em>Risam\u00e1lheildinni <\/em>eru d\u00e6min um 100, \u00fear af um 60 \u00ed samb\u00f6ndunum <em>nau\u00f0syn kr\u00e6fi <\/em>e\u00f0a <em>\u00fe\u00f6rf kr\u00e6fi<\/em>.<\/p>\n<p>\u00dea\u00f0 er nokku\u00f0 auglj\u00f3st a\u00f0 \u00feessi beyging sagnarinnar <em>krefja <\/em>er tilkomin fyrir \u00e1hrif fr\u00e1 beygingu sagna eins og <em>gefa<\/em>,<em> hefja<\/em> og <em>sofa<\/em>. Til (<em>\u00e9g<\/em>) <em>gef <\/em>svarar (<em>\u00fe\u00f3tt \u00e9g<\/em>) <em>g\u00e6fi<\/em>, til (<em>\u00e9g<\/em>) <em>hef <\/em>svarar (<em>\u00fe\u00f3tt \u00e9g<\/em>) <em>h\u00e6fi<\/em>, til (<em>\u00e9g<\/em>) <em>sef <\/em>svarar (<em>\u00fe\u00f3tt \u00e9g<\/em>) <em>sv\u00e6fi<\/em>, \u00feannig a\u00f0 \u00fea\u00f0 liggur beint vi\u00f0 a\u00f0 \u00e1lykta a\u00f0 til (<em>\u00e9g<\/em>) <em>kref <\/em>svari (<em>\u00fe\u00f3tt \u00e9g<\/em>) <em>kr\u00e6fi<\/em>. Vi\u00f0 \u00fea\u00f0 b\u00e6tist a\u00f0 til er \u00ed m\u00e1linu l\u00fdsingaror\u00f0i\u00f0 <em>kr\u00e6fur <\/em>\u00ed merkingunni \u201asem unnt er a\u00f0 krefjast\u2018, sbr. <em>afturkr\u00e6fur<\/em>, <em>endurkr\u00e6fur <\/em>o.fl. \u00deetta or\u00f0 \u201eg\u00e6ti veri\u00f0 \u00edsl. n\u00fdmyndun af <em>krefja<\/em> til samr\u00e6mis vi\u00f0 <em>hefja<\/em>: <em>h\u00e6fur<\/em>, <em>skafa<\/em>: <em>sk\u00e6fur<\/em> o.fl.\u201c <a href=\"https:\/\/ordsifjabok.arnastofnun.is\/faersla\/9944\">segir<\/a> \u00ed <em>\u00cdslenskri or\u00f0sifjab\u00f3k<\/em>. Svipa\u00f0ar \u00e1hrifsbreytingar eru \u00f3talmargar \u00ed beygingu sagna og annarra beygjanlegra or\u00f0a \u00ed m\u00e1linu, margar hverjar fullkomlega vi\u00f0urkenndar. \u00deessi breyting er \u00fea\u00f0 ekki, en er e\u00f0lileg og saklaus.<\/p>\n","protected":false},"excerpt":{"rendered":"<p>\u00cd dag s\u00e1 \u00e9g sagnmyndina kr\u00e6fist \u00ed fr\u00e9tt \u00e1 vefmi\u00f0li: \u201eSelensk\u00ed haf\u00f0i \u00e1\u00f0ur sagt a\u00f0 hann myndi ekki undirrita l\u00f6gin nema nau\u00f0syn kr\u00e6fist.\u201c \u00dearna er vissulega venja a\u00f0 nota myndina kref\u00f0ist en kr\u00e6fist er \u00fe\u00f3 ekki einsd\u00e6mi. Elsta d\u00e6mi\u00f0 sem \u00e9g finn \u00e1 t\u00edmarit.is er \u00ed \u00cdsafold 1904: \u201eeg aftala\u00f0i \u00fea\u00f0 strax daginn eftir, \u00fe\u00f3 [&hellip;]<\/p>\n","protected":false},"author":141,"featured_media":0,"comment_status":"open","ping_status":"open","sticky":false,"template":"","format":"standard","meta":{"footnotes":""},"categories":[158635],"tags":[],"class_list":["post-6216","post","type-post","status-publish","format-standard","hentry","category-malfar"],"_links":{"self":[{"href":"https:\/\/uni.hi.is\/eirikur\/wp-json\/wp\/v2\/posts\/6216","targetHints":{"allow":["GET"]}}],"collection":[{"href":"https:\/\/uni.hi.is\/eirikur\/wp-json\/wp\/v2\/posts"}],"about":[{"href":"https:\/\/uni.hi.is\/eirikur\/wp-json\/wp\/v2\/types\/post"}],"author":[{"embeddable":true,"href":"https:\/\/uni.hi.is\/eirikur\/wp-json\/wp\/v2\/users\/141"}],"replies":[{"embeddable":true,"href":"https:\/\/uni.hi.is\/eirikur\/wp-json\/wp\/v2\/comments?post=6216"}],"version-history":[{"count":1,"href":"https:\/\/uni.hi.is\/eirikur\/wp-json\/wp\/v2\/posts\/6216\/revisions"}],"predecessor-version":[{"id":6217,"href":"https:\/\/uni.hi.is\/eirikur\/wp-json\/wp\/v2\/posts\/6216\/revisions\/6217"}],"wp:attachment":[{"href":"https:\/\/uni.hi.is\/eirikur\/wp-json\/wp\/v2\/media?parent=6216"}],"wp:term":[{"taxonomy":"category","embeddable":true,"href":"https:\/\/uni.hi.is\/eirikur\/wp-json\/wp\/v2\/categories?post=6216"},{"taxonomy":"post_tag","embeddable":true,"href":"https:\/\/uni.hi.is\/eirikur\/wp-json\/wp\/v2\/tags?post=6216"}],"curies":[{"name":"wp","href":"https:\/\/api.w.org\/{rel}","templated":true}]}}