{"id":6439,"date":"2024-06-03T15:58:32","date_gmt":"2024-06-03T15:58:32","guid":{"rendered":"https:\/\/uni.hi.is\/eirikur\/?p=6439"},"modified":"2024-06-03T15:58:32","modified_gmt":"2024-06-03T15:58:32","slug":"eda-thar","status":"publish","type":"post","link":"https:\/\/uni.hi.is\/eirikur\/2024\/06\/03\/eda-thar\/","title":{"rendered":"\u2013 e\u00f0a \u00fear"},"content":{"rendered":"<p>Fyrir nokkru skrifa\u00f0i \u00e9g h\u00e9r um or\u00f0asambandi\u00f0 <em>e\u00f0a \u00feannig <\/em>sem oft er nota\u00f0 \u00ed enda seg\u00f0ar \u201e\u00feegar vi\u00f0 treystum okkur ekki til e\u00f0a viljum ekki e\u00f0a nennum ekki a\u00f0 \u00fatsk\u00fdra n\u00e1kv\u00e6mlega \u00fea\u00f0 sem um var r\u00e6tt e\u00f0a l\u00fdsa \u00fev\u00ed, og treystum \u00e1 a\u00f0 vi\u00f0m\u00e6lendur e\u00f0a lesendur \u00feurfi ekki e\u00f0a hafi ekki \u00e1huga \u00e1 a\u00f0 vita \u00f6ll sm\u00e1atri\u00f0i\u201c. En anna\u00f0 ekki \u00f3svipa\u00f0 samband sem oft er nota\u00f0 \u00ed hli\u00f0st\u00e6\u00f0ri merkingu er <em>e\u00f0a \u00fear<\/em>. \u00dea\u00f0 er mj\u00f6g algengt \u00ed \u00f3formlegu talm\u00e1li en kemst mj\u00f6g sjaldan \u00e1 prent og \u00feess vegna er erfitt a\u00f0 \u00e1tta sig \u00e1 hversu gamalt \u00fea\u00f0 er \u00ed m\u00e1linu. \u00c9g hef ekki fundi\u00f0 nein d\u00e6mi um \u00fea\u00f0 \u00e1 <em>t\u00edmarit.is <\/em>en \u00feau g\u00e6tu \u00fe\u00f3 vissulega leynst \u00fear \u2013 vegna t\u00ed\u00f0ni sambandsins <em>e\u00f0a \u00fear <\/em>\u00ed annarri notkun (ekki s\u00edst <em>h\u00e9r e\u00f0a \u00fear<\/em>) er erfitt a\u00f0 leita af s\u00e9r allan grun.<\/p>\n<p>Eitt d\u00e6mi er a\u00f0 finna \u00ed h\u00e9ra\u00f0sd\u00f3mi fr\u00e1 2018: \u201e\u00deeir hafi eki\u00f0 \u201esveitalei\u00f0ina\u201c sunnan megin vi\u00f0 Selfoss og komi\u00f0 inn r\u00e9tt hj\u00e1 Lj\u00f3nsst\u00f6\u00f0um e\u00f0a \u00fear.\u201c Anna\u00f0 d\u00e6mi er \u00e1 vef <em>R\u00edkis\u00fatvarpsins <\/em>2014: \u201e\u00dea\u00f0 er ekkert sem stoppar J\u00f6kuls\u00e1na a\u00f0 fara yfir \u00ed Kreppu, innan vi\u00f0 Upptyppinga e\u00f0a \u00fear.\u201c En auk \u00feess eru \u00ed <em>Risam\u00e1lheildinni <\/em>um 50 d\u00e6mi af samf\u00e9lagsmi\u00f0lum, \u00fea\u00f0 elsta \u00e1 <em>Bland.is <\/em>2002: \u201e\u00de\u00e6r voru keyptar \u00ed Kringlunni \u00ed b\u00fa\u00f0inni \u00e1 m\u00f3ti Auganu e\u00f0a \u00fear.\u201c \u00c1 <em>Hugi.is <\/em>2004 segir: \u201e\u00feetta er svona lj\u00f3srofi, \u00fearna litli hv\u00edti kassinn \u00ed mi\u00f0junni e\u00f0a \u00fear.\u201c \u00c1 <em>Bland.is <\/em>2005 segir: \u201e\u00c9g er nefnilega b\u00fain a\u00f0 vera me\u00f0 verk h\u00e6gramegin \u00ed mj\u00f6\u00f0minni e\u00f0a \u00fear.\u201c \u00c1 <em>Bland.is <\/em>2006 segir: \u201eSk\u00f3marka\u00f0num \u00fati \u00e1 Fiskisl\u00f3\u00f0 minnir mig, \u00e6 \u00fearna hj\u00e1 Granda e\u00f0a \u00fear.\u201c<\/p>\n<p>Eins og \u00fearna s\u00e9st er elsta d\u00e6mi\u00f0 fr\u00e1 2002, en \u00fea\u00f0 s\u00fdnir a\u00f0eins a\u00f0 \u00feessi notkun er a.m.k. meira en 20 \u00e1ra g\u00f6mul \u2013 g\u00f6gn af samf\u00e9lagsmi\u00f0lum n\u00e1 ekki lengra aftur \u00ed t\u00edmann. \u00deetta samband g\u00e6ti \u00feess vegna veri\u00f0 mun eldra. Eins og d\u00e6min s\u00fdna er <em>e\u00f0a \u00fear <\/em>nota\u00f0 \u00feegar m\u00e6landinn er ekki viss \u00e1 sta\u00f0setningu e\u00f0a getur ekki tilgreint hana n\u00e1nar \u2013 e\u00f0a \u00f3\u00fearfi er a\u00f0 nefna n\u00e1kv\u00e6ma sta\u00f0setningu. \u00deetta getur v\u00edsa\u00f0 til hvers kyns sta\u00f0setningar \u2013 b\u00e6\u00f0i utanh\u00fass og innan, og einnig \u00e1 l\u00edkamanum. \u00dea\u00f0 er freistandi a\u00f0 tengja \u00feetta vi\u00f0 sambandi\u00f0 <em>e\u00f0a \u00feannig <\/em>sem oft er nota\u00f0 \u00e1 mj\u00f6g svipa\u00f0an h\u00e1tt eins og nefnt er \u00ed upphafi. \u00dea\u00f0 samband er fr\u00e1 \u00fev\u00ed um 1980 \u00feannig a\u00f0 m\u00e9r \u00feykir l\u00edklegt a\u00f0 \u00feessi notkun s\u00e9 a.m.k. ekki eldri, \u00e1n \u00feess a\u00f0 h\u00e6gt s\u00e9 a\u00f0 fullyr\u00f0a nokku\u00f0 um \u00fea\u00f0.<\/p>\n","protected":false},"excerpt":{"rendered":"<p>Fyrir nokkru skrifa\u00f0i \u00e9g h\u00e9r um or\u00f0asambandi\u00f0 e\u00f0a \u00feannig sem oft er nota\u00f0 \u00ed enda seg\u00f0ar \u201e\u00feegar vi\u00f0 treystum okkur ekki til e\u00f0a viljum ekki e\u00f0a nennum ekki a\u00f0 \u00fatsk\u00fdra n\u00e1kv\u00e6mlega \u00fea\u00f0 sem um var r\u00e6tt e\u00f0a l\u00fdsa \u00fev\u00ed, og treystum \u00e1 a\u00f0 vi\u00f0m\u00e6lendur e\u00f0a lesendur \u00feurfi ekki e\u00f0a hafi ekki \u00e1huga \u00e1 a\u00f0 vita [&hellip;]<\/p>\n","protected":false},"author":141,"featured_media":0,"comment_status":"open","ping_status":"open","sticky":false,"template":"","format":"standard","meta":{"footnotes":""},"categories":[158635],"tags":[],"class_list":["post-6439","post","type-post","status-publish","format-standard","hentry","category-malfar"],"_links":{"self":[{"href":"https:\/\/uni.hi.is\/eirikur\/wp-json\/wp\/v2\/posts\/6439","targetHints":{"allow":["GET"]}}],"collection":[{"href":"https:\/\/uni.hi.is\/eirikur\/wp-json\/wp\/v2\/posts"}],"about":[{"href":"https:\/\/uni.hi.is\/eirikur\/wp-json\/wp\/v2\/types\/post"}],"author":[{"embeddable":true,"href":"https:\/\/uni.hi.is\/eirikur\/wp-json\/wp\/v2\/users\/141"}],"replies":[{"embeddable":true,"href":"https:\/\/uni.hi.is\/eirikur\/wp-json\/wp\/v2\/comments?post=6439"}],"version-history":[{"count":1,"href":"https:\/\/uni.hi.is\/eirikur\/wp-json\/wp\/v2\/posts\/6439\/revisions"}],"predecessor-version":[{"id":6440,"href":"https:\/\/uni.hi.is\/eirikur\/wp-json\/wp\/v2\/posts\/6439\/revisions\/6440"}],"wp:attachment":[{"href":"https:\/\/uni.hi.is\/eirikur\/wp-json\/wp\/v2\/media?parent=6439"}],"wp:term":[{"taxonomy":"category","embeddable":true,"href":"https:\/\/uni.hi.is\/eirikur\/wp-json\/wp\/v2\/categories?post=6439"},{"taxonomy":"post_tag","embeddable":true,"href":"https:\/\/uni.hi.is\/eirikur\/wp-json\/wp\/v2\/tags?post=6439"}],"curies":[{"name":"wp","href":"https:\/\/api.w.org\/{rel}","templated":true}]}}