{"id":7108,"date":"2025-01-10T09:32:18","date_gmt":"2025-01-10T09:32:18","guid":{"rendered":"https:\/\/uni.hi.is\/eirikur\/?p=7108"},"modified":"2025-01-10T09:33:18","modified_gmt":"2025-01-10T09:33:18","slug":"graena-gimaldid","status":"publish","type":"post","link":"https:\/\/uni.hi.is\/eirikur\/2025\/01\/10\/graena-gimaldid\/","title":{"rendered":"Gr\u00e6na g\u00edmaldi\u00f0"},"content":{"rendered":"<p>F\u00e1tt ber h\u00e6rra \u00ed samf\u00e9lagsumr\u00e6\u00f0unni \u00feessa dagana en risast\u00f3rt v\u00f6ruh\u00fas sem veri\u00f0 er a\u00f0 byggja vi\u00f0 \u00c1lfabakka. \u00deetta h\u00fas hefur \u00ed fr\u00e9ttum i\u00f0ulega veri\u00f0 nefnt <em>gr\u00e6na g\u00edmaldi\u00f0<\/em> en h\u00e9r var \u00e1\u00f0an bent \u00e1 a\u00f0 <em>g\u00edmald <\/em>v\u00e6ri ekki r\u00e9tta or\u00f0i\u00f0 \u00fearna. Upphaflega <a href=\"https:\/\/ordsifjabok.arnastofnun.is\/faersla\/4797\">merkir<\/a> \u00fea\u00f0 'v\u00edtt gap, st\u00f3rt \u00edl\u00e1t e\u00f0a vistarvera' samkv\u00e6mt <em>\u00cdslenskri or\u00f0sifjab\u00f3k<\/em>\u00a0og er skylt or\u00f0unum <em>geimur <\/em>og <em>g\u00edna<\/em>, og \u00ed <em>\u00cdslenskri n\u00fat\u00edmam\u00e1lsor\u00f0ab\u00f3k <\/em>er \u00fea\u00f0 <a href=\"https:\/\/islenskordabok.arnastofnun.is\/ord\/15497\">sk\u00fdrt<\/a> 'mj\u00f6g st\u00f3rt (h\u00e1tt og v\u00edtt) r\u00fdmi, t.d. salur e.\u00fe.h.'. \u00dea\u00f0 er lj\u00f3st af \u00feessu a\u00f0 or\u00f0i\u00f0 v\u00edsar til innri ger\u00f0ar r\u00fdmisins. Vi\u00f0 myndum t.d. t\u00e6plega tala um <em>H\u00f6rpu <\/em>e\u00f0a <em>Kringluna <\/em>sem <em>g\u00edm\u00f6ld <\/em>\u00fe\u00f3tt \u00feau h\u00fas s\u00e9u mj\u00f6g st\u00f3r, vegna \u00feess a\u00f0 \u00feau skiptast \u00ed fj\u00f6lda minni r\u00fdma. Hins vegar v\u00e6ri hugsanlegt a\u00f0 tala um einhver \u00feeirra r\u00fdma, t.d. Eldborg, sem <em>g\u00edm\u00f6ld<\/em>.<\/p>\n<p>\u00dea\u00f0 vir\u00f0ist lj\u00f3st af fr\u00e9ttum a\u00f0 margs konar starfsemi \u00e1 a\u00f0 fara fram \u00ed v\u00f6ruh\u00fasinu vi\u00f0 \u00c1lfabakka og \u00fev\u00ed l\u00edklegt a\u00f0 \u00fev\u00ed ver\u00f0i skipt \u00ed nokkur r\u00fdmi. \u00c9g veit ekki hvort \u00fea\u00f0 hefur \u00feegar veri\u00f0 gert, enda skiptir \u00fea\u00f0 ekki m\u00e1li vegna \u00feess a\u00f0 greinilegt er a\u00f0 \u00ed allri umfj\u00f6llun er veri\u00f0 a\u00f0 v\u00edsa til ytra umfangs h\u00fassins en ekki innri ger\u00f0ar. Ein \u00e1st\u00e6\u00f0an fyrir \u00fev\u00ed a\u00f0 <em>g\u00edmald <\/em>hefur veri\u00f0 nota\u00f0 um h\u00fasi\u00f0 er e.t.v. s\u00fa a\u00f0 or\u00f0i\u00f0 hefur \u00e1 s\u00e9r frekar neikv\u00e6\u00f0an bl\u00e6 og h\u00e6fir \u00fev\u00ed vi\u00f0horfinu til h\u00fassins. En h\u00e6gt v\u00e6ri a\u00f0 finna \u00f6nnur neikv\u00e6\u00f0 or\u00f0 sem v\u00edsa til ytra umfangs og \u00e6ttu \u00fev\u00ed betur vi\u00f0, t.d. <em>ferl\u00edki<\/em>. L\u00edklega er samt komin hef\u00f0 \u00e1 a\u00f0 tala um <em>gr\u00e6na g\u00edmaldi\u00f0 <\/em>enda stu\u00f0lar \u00fea\u00f0 og festist \u00fev\u00ed vel \u00ed minni. \u00dea\u00f0 eru svo sem l\u00edtil m\u00e1lspj\u00f6ll en samt r\u00e9tt a\u00f0 hafa hef\u00f0bundna merkingu \u00ed huga.<\/p>\n","protected":false},"excerpt":{"rendered":"<p>F\u00e1tt ber h\u00e6rra \u00ed samf\u00e9lagsumr\u00e6\u00f0unni \u00feessa dagana en risast\u00f3rt v\u00f6ruh\u00fas sem veri\u00f0 er a\u00f0 byggja vi\u00f0 \u00c1lfabakka. \u00deetta h\u00fas hefur \u00ed fr\u00e9ttum i\u00f0ulega veri\u00f0 nefnt gr\u00e6na g\u00edmaldi\u00f0 en h\u00e9r var \u00e1\u00f0an bent \u00e1 a\u00f0 g\u00edmald v\u00e6ri ekki r\u00e9tta or\u00f0i\u00f0 \u00fearna. Upphaflega merkir \u00fea\u00f0 'v\u00edtt gap, st\u00f3rt \u00edl\u00e1t e\u00f0a vistarvera' samkv\u00e6mt \u00cdslenskri or\u00f0sifjab\u00f3k\u00a0og er skylt or\u00f0unum [&hellip;]<\/p>\n","protected":false},"author":141,"featured_media":0,"comment_status":"open","ping_status":"open","sticky":false,"template":"","format":"standard","meta":{"footnotes":""},"categories":[158635],"tags":[],"class_list":["post-7108","post","type-post","status-publish","format-standard","hentry","category-malfar"],"_links":{"self":[{"href":"https:\/\/uni.hi.is\/eirikur\/wp-json\/wp\/v2\/posts\/7108","targetHints":{"allow":["GET"]}}],"collection":[{"href":"https:\/\/uni.hi.is\/eirikur\/wp-json\/wp\/v2\/posts"}],"about":[{"href":"https:\/\/uni.hi.is\/eirikur\/wp-json\/wp\/v2\/types\/post"}],"author":[{"embeddable":true,"href":"https:\/\/uni.hi.is\/eirikur\/wp-json\/wp\/v2\/users\/141"}],"replies":[{"embeddable":true,"href":"https:\/\/uni.hi.is\/eirikur\/wp-json\/wp\/v2\/comments?post=7108"}],"version-history":[{"count":2,"href":"https:\/\/uni.hi.is\/eirikur\/wp-json\/wp\/v2\/posts\/7108\/revisions"}],"predecessor-version":[{"id":7110,"href":"https:\/\/uni.hi.is\/eirikur\/wp-json\/wp\/v2\/posts\/7108\/revisions\/7110"}],"wp:attachment":[{"href":"https:\/\/uni.hi.is\/eirikur\/wp-json\/wp\/v2\/media?parent=7108"}],"wp:term":[{"taxonomy":"category","embeddable":true,"href":"https:\/\/uni.hi.is\/eirikur\/wp-json\/wp\/v2\/categories?post=7108"},{"taxonomy":"post_tag","embeddable":true,"href":"https:\/\/uni.hi.is\/eirikur\/wp-json\/wp\/v2\/tags?post=7108"}],"curies":[{"name":"wp","href":"https:\/\/api.w.org\/{rel}","templated":true}]}}