{"id":7113,"date":"2025-01-17T08:05:32","date_gmt":"2025-01-17T08:05:32","guid":{"rendered":"https:\/\/uni.hi.is\/eirikur\/?p=7113"},"modified":"2025-05-24T13:47:23","modified_gmt":"2025-05-24T13:47:23","slug":"hrafnadis","status":"publish","type":"post","link":"https:\/\/uni.hi.is\/eirikur\/2025\/01\/17\/hrafnadis\/","title":{"rendered":"Hrafnad\u00eds"},"content":{"rendered":"<p>\u00cd n\u00fdjum <a href=\"https:\/\/www.stjornarradid.is\/gogn\/urskurdir-og-alit-\/stakur-urskurdur\/?newsid=d10d98ac-d3f4-11ef-b88d-005056bcde1f&amp;cname=Mannanafnanefnd&amp;cid=e219adf8-4214-11e7-941a-005056bc530c\">\u00farskur\u00f0i<\/a> Mannanafnanefndar er nafninu <em>Hrafnad\u00eds <\/em>hafna\u00f0 \u00e1 tvennum forsendum \u2013 annars vegar s\u00e9 \u00fea\u00f0 \u201eafb\u00f6kun \u00e1 eiginnafninu <em>Hrafnd\u00eds<\/em>\u201c og hins vegar fari \u00fea\u00f0 \u201e\u00ed b\u00e1g vi\u00f0 hef\u00f0bundnar nafnmyndunarreglur eiginnafna\u201c, \u00fe.e. \u201e\u00feeirri meginreglu \u00edslenskrar nafnmyndunar a\u00f0 eignarfall fleirt\u00f6lu s\u00e9 ekki \u00ed forli\u00f0 eiginnafns\u201c. \u00deetta er mj\u00f6g s\u00e9rkennilegur \u00farskur\u00f0ur sem \u00e9g get ekki kalla\u00f0 anna\u00f0 en rugl. \u00cd samsettum or\u00f0um getur fyrri li\u00f0ur \u00fdmist veri\u00f0 stofn, eins og \u00ed <em>Hrafnd\u00eds<\/em>, e\u00f0a eignarfall \u2013 anna\u00f0hvort eint\u00f6lu e\u00f0a fleirt\u00f6lu. \u00deetta eru jafngildar or\u00f0myndunara\u00f0fer\u00f0ir og fj\u00f6lm\u00f6rg d\u00e6mi eru um hli\u00f0st\u00e6\u00f0ar tv\u00edmyndir \u00fear sem fr\u00e1leitt er a\u00f0 kalla a\u00f0ra \u201eafb\u00f6kun\u201c af hinni. Fj\u00f6ldi margs kyns tv\u00edmynda af mannan\u00f6fnum er l\u00edka til.<\/p>\n<p>\u00c9g kannast ekki heldur vi\u00f0 a\u00f0 einhverjar s\u00e9rstakar reglur gildi um mannan\u00f6fn sem banni a\u00f0 fyrri li\u00f0ur \u00feeirra s\u00e9 \u00ed eignarfalli fleirt\u00f6lu. S\u00fa \u201eregla\u201c er bara tilb\u00faningur nefndarinnar og m\u00e9r finnst h\u00fan fara langt \u00fat fyrir \u00f6ll e\u00f0lileg m\u00f6rk \u00ed t\u00falkun sinni \u00e1 \u00fev\u00ed hva\u00f0 \u201ebrj\u00f3ti \u00ed b\u00e1g vi\u00f0 \u00edslenskt m\u00e1lkerfi\u201c enda eru vissulega til n\u00f6fn \u00e1 mannanafnaskr\u00e1 \u00fear sem fyrri li\u00f0ur er \u00ed eignarfalli fleirt\u00f6lu, svo sem <em>Eyjal\u00edn<\/em>, <em>R\u00f3salind<\/em>, <em>Alpar\u00f3s<\/em> og <em>Reykjal\u00edn<\/em> til d\u00e6mis. Tv\u00f6 s\u00ed\u00f0arnefndu n\u00f6fnin hafa m.a.s. veri\u00f0 sam\u00feykkt s\u00e9rstaklega af Mannanafnanefnd \u00e1n \u00feess a\u00f0 nokkrar athugasemdir v\u00e6ru ger\u00f0ar vi\u00f0 myndun \u00feeirra. \u00dea\u00f0 er l\u00f6ngu kominn t\u00edmi \u00e1 a\u00f0 breyta l\u00f6gum um mannan\u00f6fn og ver\u00f0ur a\u00f0 vona a\u00f0 n\u00fdr d\u00f3msm\u00e1lar\u00e1\u00f0herra leggi fram frumvarp a\u00f0 n\u00fdjum l\u00f6gum hi\u00f0 fyrsta.<\/p>\n","protected":false},"excerpt":{"rendered":"<p>\u00cd n\u00fdjum \u00farskur\u00f0i Mannanafnanefndar er nafninu Hrafnad\u00eds hafna\u00f0 \u00e1 tvennum forsendum \u2013 annars vegar s\u00e9 \u00fea\u00f0 \u201eafb\u00f6kun \u00e1 eiginnafninu Hrafnd\u00eds\u201c og hins vegar fari \u00fea\u00f0 \u201e\u00ed b\u00e1g vi\u00f0 hef\u00f0bundnar nafnmyndunarreglur eiginnafna\u201c, \u00fe.e. \u201e\u00feeirri meginreglu \u00edslenskrar nafnmyndunar a\u00f0 eignarfall fleirt\u00f6lu s\u00e9 ekki \u00ed forli\u00f0 eiginnafns\u201c. \u00deetta er mj\u00f6g s\u00e9rkennilegur \u00farskur\u00f0ur sem \u00e9g get ekki kalla\u00f0 anna\u00f0 [&hellip;]<\/p>\n","protected":false},"author":141,"featured_media":0,"comment_status":"open","ping_status":"open","sticky":false,"template":"","format":"standard","meta":{"footnotes":""},"categories":[158635],"tags":[],"class_list":["post-7113","post","type-post","status-publish","format-standard","hentry","category-malfar"],"_links":{"self":[{"href":"https:\/\/uni.hi.is\/eirikur\/wp-json\/wp\/v2\/posts\/7113","targetHints":{"allow":["GET"]}}],"collection":[{"href":"https:\/\/uni.hi.is\/eirikur\/wp-json\/wp\/v2\/posts"}],"about":[{"href":"https:\/\/uni.hi.is\/eirikur\/wp-json\/wp\/v2\/types\/post"}],"author":[{"embeddable":true,"href":"https:\/\/uni.hi.is\/eirikur\/wp-json\/wp\/v2\/users\/141"}],"replies":[{"embeddable":true,"href":"https:\/\/uni.hi.is\/eirikur\/wp-json\/wp\/v2\/comments?post=7113"}],"version-history":[{"count":3,"href":"https:\/\/uni.hi.is\/eirikur\/wp-json\/wp\/v2\/posts\/7113\/revisions"}],"predecessor-version":[{"id":7330,"href":"https:\/\/uni.hi.is\/eirikur\/wp-json\/wp\/v2\/posts\/7113\/revisions\/7330"}],"wp:attachment":[{"href":"https:\/\/uni.hi.is\/eirikur\/wp-json\/wp\/v2\/media?parent=7113"}],"wp:term":[{"taxonomy":"category","embeddable":true,"href":"https:\/\/uni.hi.is\/eirikur\/wp-json\/wp\/v2\/categories?post=7113"},{"taxonomy":"post_tag","embeddable":true,"href":"https:\/\/uni.hi.is\/eirikur\/wp-json\/wp\/v2\/tags?post=7113"}],"curies":[{"name":"wp","href":"https:\/\/api.w.org\/{rel}","templated":true}]}}