{"id":7170,"date":"2025-03-17T09:36:41","date_gmt":"2025-03-17T09:36:41","guid":{"rendered":"https:\/\/uni.hi.is\/eirikur\/?p=7170"},"modified":"2025-03-17T10:03:26","modified_gmt":"2025-03-17T10:03:26","slug":"naumt-tap-hakons","status":"publish","type":"post","link":"https:\/\/uni.hi.is\/eirikur\/2025\/03\/17\/naumt-tap-hakons\/","title":{"rendered":"Naumt tap H\u00e1kons"},"content":{"rendered":"<p>\u00c9g s\u00e1 \u00e1 Facebook a\u00f0 vakin var athygli \u00e1 <a href=\"https:\/\/www.mbl.is\/sport\/fotbolti\/2025\/03\/15\/naumt_tap_hakons_og_felaga\/\">fyrirs\u00f6gninni<\/a> \u201eNaumt tap H\u00e1kons og f\u00e9laga\u201c \u00e1 <em>mbl.is<\/em>, og spurt hvort eignarfalli\u00f0 v\u00e6ri ekki <em>H\u00e1konar<\/em>. \u00dea\u00f0 er vissulega hin hef\u00f0bundna mynd, og s\u00fa eina sem <a href=\"https:\/\/bin.arnastofnun.is\/leit\/h%C3%A1kon\">gefin<\/a> er \u00ed <em>Beygingarl\u00fdsingu \u00edslensks n\u00fat\u00edmam\u00e1ls<\/em>, en myndin <em>H\u00e1kons <\/em>er \u00fe\u00f3 fjarri \u00fev\u00ed a\u00f0 vera einsd\u00e6mi og hefur oft veri\u00f0 amast vi\u00f0 henni \u00ed m\u00e1lfars\u00fe\u00e1ttum. J\u00f3n A\u00f0alsteinn J\u00f3nsson nefndi nokkur d\u00e6mi um hana \u00ed d\u00e1lkinum \u201eOr\u00f0ab\u00f3kin\u201c \u00ed <em>Morgunbla\u00f0inu <\/em>1991 og <a href=\"https:\/\/timarit.is\/page\/1737566?iabr=on#page\/n7\/mode\/1up\/\">sag\u00f0i<\/a>: \u201e\u00deetta ef. hefur heyrzt oftar \u00ed fj\u00f6lmi\u00f0lum.\u201c \u00a0\u00c1 sama vettvangi t\u00edu \u00e1rum s\u00ed\u00f0ar <a href=\"https:\/\/timarit.is\/page\/3403407?iabr=on#page\/n50\/mode\/1up\/\">sag\u00f0ist<\/a> J\u00f3n A\u00f0alsteinn hafa heyrt tala\u00f0 um \u201ebr\u00fa\u00f0kaup H\u00e1kons, en ekki H\u00e1konar, eins og \u00e9g \u00e6tla, a\u00f0 flestir segi enn \u00ed dag samkv. fornri venju\u201c og sag\u00f0i: \u201e\u00dev\u00ed er flj\u00f3tsvara\u00f0, a\u00f0 ef. H\u00e1konar er upphaflega myndin.\u201c<\/p>\n<p>\u00dea\u00f0 er vissulega r\u00e9tt a\u00f0 eignarfalli\u00f0 var yfirleitt <em>H\u00e1konar <\/em>\u00e1\u00f0ur fyrr en myndin <em>H\u00e1kons <\/em>er \u00fe\u00f3 g\u00f6mul og kemur m.a.s. fyrir \u00ed <em>Heimskringlu <\/em>Snorra Sturlusonar: \u201e\u00d3lafur Tryggvason h\u00e9lt utan \u00ed fj\u00f6r\u00f0inn me\u00f0 fimm langskipum en \u00fear reri innan \u00ed m\u00f3ti Erlendur sonur H\u00e1kons jarls me\u00f0 \u00feremur skipum\u201c segir \u00ed <em>\u00d3lafs s\u00f6gu Tryggvasonar<\/em>. \u00c1 <em>t\u00edmarit.is<\/em> eru r\u00fam 1500 d\u00e6mi um <em>H\u00e1kons<\/em>, \u00fea\u00f0 elsta \u00ed <em>Nor\u00f0anfara <\/em>1865: \u201eh\u00fasfr\u00fa Sigr\u00ed\u00f0ur J\u00f3nsd\u00f3ttir kona prestsins sjera H\u00e1kons Esp\u00f3l\u00edns \u00e1 Kolfreyjusta\u00f0.\u201c Einnig eru d\u00e6mi um myndina \u00ed samsetningum \u2013 \u00ed <em>Austra <\/em>1906 segir: \u201eBj\u00f8rgvinarb\u00faar hafa skoti\u00f0 saman allmiklu f\u00e9 til \u00feess a\u00f0 skreyta g\u00f6mlu H\u00e1kons-h\u00f6llina \u00fear.\u201c T\u00f6luvert ber svo \u00e1 myndinni <em>H\u00e1kons <\/em>alla tuttugustu \u00f6ldina, einkum eftir 1980.<\/p>\n<p>S\u00fa notkun endurspeglast \u00ed \u00e1\u00f0urnefndum athugasemdum J\u00f3ns A\u00f0alsteins, sem og \u00ed b\u00f3kinni <em>N\u00f6fn \u00cdslendinga <\/em>eftir Gu\u00f0r\u00fanu Kvaran og Sigur\u00f0 J\u00f3nsson fr\u00e1 1991 \u00fear sem sagt er a\u00f0 eignarfalli\u00f0 af <em>H\u00e1kon<\/em> s\u00e9 <em>H\u00e1kons<\/em>. \u00deetta gagnr\u00fdndi Baldur J\u00f3nsson \u00ed <em>M\u00e1lfregnum <\/em>1992 og <a href=\"https:\/\/timarit.is\/page\/6517198?iabr=on#page\/n24\/mode\/1up\/\">sag\u00f0i<\/a>: \u201eTil d\u00e6mis er \u00f3tv\u00edr\u00e6tt a\u00f0 eignarfalli\u00f0 af <em>H\u00e1kon<\/em> hefir veri\u00f0 <em>H\u00e1konar<\/em> s\u00ed\u00f0an land bygg\u00f0ist.\u201c Undir \u00feetta t\u00f3k \u00de\u00f3rhallur Vilmundarson \u00ed <a href=\"https:\/\/timarit.is\/page\/3309833?iabr=on#page\/n6\/mode\/1up\">gagnr\u00fdni<\/a> \u00e1 b\u00f3kina \u00ed <em>Lesb\u00f3k Morgunbla\u00f0sins <\/em>1992: \u201eEignarfalli\u00f0 hefur a\u00f0 sj\u00e1lfs\u00f6g\u00f0u fr\u00e1 \u00f6ndver\u00f0u og fram \u00e1 \u00feennan dag veri\u00f0 H\u00e1konar [\u2026].\u201c G\u00edsli J\u00f3nsson <a href=\"https:\/\/timarit.is\/page\/3395385?iabr=on#page\/n47\/mode\/1up\/\">sag\u00f0i<\/a> \u00ed \u00fe\u00e6ttinum \u201e\u00cdslenskt m\u00e1l\u201c \u00ed <em>Morgunbla\u00f0inu <\/em>2001: \u201eeignarfalli\u00f0 \u201eH\u00e1kons\u201c s\u00e9st \u00ed v\u00f6ndu\u00f0um fr\u00e6\u00f0ib\u00f3kum [\u2026] \u00c1st\u00e6\u00f0ulaust s\u00fdnist m\u00e9r a.m.k. a\u00f0 nota ekki gamla eignarfalli\u00f0 <strong>H\u00e1konar<\/strong>.\u201c<\/p>\n<p>En eignarfallsmyndin <em>H\u00e1kons <\/em>hefur haldi\u00f0 \u00e1fram a\u00f0 brei\u00f0ast \u00fat \u00e1 \u00feessari \u00f6ld. \u00cd <em>Risam\u00e1lheildinni <\/em>eru 1.100 d\u00e6mi um hana, en r\u00fam 2.500 um \u201evi\u00f0urkenndu\u201c myndina <em>H\u00e1konar<\/em>. \u00d6fugt vi\u00f0 \u00fea\u00f0 sem algengast er um m\u00e1lbreytingar er \u201en\u00fdja\u201c myndin s\u00edst meira \u00e1berandi \u00e1 samf\u00e9lagsmi\u00f0lum en \u00ed hef\u00f0bundnari mi\u00f0lum og hefur \u00fev\u00ed greinilega fest sig tryggilega \u00ed sessi \u00ed formlegu m\u00e1lsni\u00f0i. \u00deetta er breyting sem er sau\u00f0meinlaus og \u00e1 s\u00e9r fj\u00f6lda hli\u00f0st\u00e6\u00f0na \u00ed m\u00e1linu \u00fe\u00f3tt breytingar \u00e1 eignarfalli karlmannsnafna hafi reyndar flestar gengi\u00f0 \u00ed hina \u00e1ttina (<em>Haralds <\/em>&gt; <em>Haraldar<\/em>, <em>H\u00f6skulds <\/em>&gt; <em>H\u00f6skuldar<\/em>, <em>\u00c1g\u00fasts <\/em>&gt; <em>\u00c1g\u00fastar<\/em>, <em>\u00de\u00f3rhalls <\/em>&gt; <em>\u00de\u00f3rhallar<\/em>). Engin \u00e1st\u00e6\u00f0a er til annars en vi\u00f0urkenna <em>H\u00e1kons<\/em> sem fullgilda eignarfallsmynd vi\u00f0 hli\u00f0 <em>H\u00e1konar<\/em>.<\/p>\n","protected":false},"excerpt":{"rendered":"<p>\u00c9g s\u00e1 \u00e1 Facebook a\u00f0 vakin var athygli \u00e1 fyrirs\u00f6gninni \u201eNaumt tap H\u00e1kons og f\u00e9laga\u201c \u00e1 mbl.is, og spurt hvort eignarfalli\u00f0 v\u00e6ri ekki H\u00e1konar. \u00dea\u00f0 er vissulega hin hef\u00f0bundna mynd, og s\u00fa eina sem gefin er \u00ed Beygingarl\u00fdsingu \u00edslensks n\u00fat\u00edmam\u00e1ls, en myndin H\u00e1kons er \u00fe\u00f3 fjarri \u00fev\u00ed a\u00f0 vera einsd\u00e6mi og hefur oft veri\u00f0 amast [&hellip;]<\/p>\n","protected":false},"author":141,"featured_media":0,"comment_status":"open","ping_status":"open","sticky":false,"template":"","format":"standard","meta":{"footnotes":""},"categories":[158635],"tags":[],"class_list":["post-7170","post","type-post","status-publish","format-standard","hentry","category-malfar"],"_links":{"self":[{"href":"https:\/\/uni.hi.is\/eirikur\/wp-json\/wp\/v2\/posts\/7170","targetHints":{"allow":["GET"]}}],"collection":[{"href":"https:\/\/uni.hi.is\/eirikur\/wp-json\/wp\/v2\/posts"}],"about":[{"href":"https:\/\/uni.hi.is\/eirikur\/wp-json\/wp\/v2\/types\/post"}],"author":[{"embeddable":true,"href":"https:\/\/uni.hi.is\/eirikur\/wp-json\/wp\/v2\/users\/141"}],"replies":[{"embeddable":true,"href":"https:\/\/uni.hi.is\/eirikur\/wp-json\/wp\/v2\/comments?post=7170"}],"version-history":[{"count":2,"href":"https:\/\/uni.hi.is\/eirikur\/wp-json\/wp\/v2\/posts\/7170\/revisions"}],"predecessor-version":[{"id":7172,"href":"https:\/\/uni.hi.is\/eirikur\/wp-json\/wp\/v2\/posts\/7170\/revisions\/7172"}],"wp:attachment":[{"href":"https:\/\/uni.hi.is\/eirikur\/wp-json\/wp\/v2\/media?parent=7170"}],"wp:term":[{"taxonomy":"category","embeddable":true,"href":"https:\/\/uni.hi.is\/eirikur\/wp-json\/wp\/v2\/categories?post=7170"},{"taxonomy":"post_tag","embeddable":true,"href":"https:\/\/uni.hi.is\/eirikur\/wp-json\/wp\/v2\/tags?post=7170"}],"curies":[{"name":"wp","href":"https:\/\/api.w.org\/{rel}","templated":true}]}}