{"id":7530,"date":"2025-08-12T22:08:17","date_gmt":"2025-08-12T22:08:17","guid":{"rendered":"https:\/\/uni.hi.is\/eirikur\/?p=7530"},"modified":"2025-08-12T22:08:17","modified_gmt":"2025-08-12T22:08:17","slug":"aukin-ahersla-a-islenskukennslu-eda-hvad","status":"publish","type":"post","link":"https:\/\/uni.hi.is\/eirikur\/2025\/08\/12\/aukin-ahersla-a-islenskukennslu-eda-hvad\/","title":{"rendered":"Aukin \u00e1hersla \u00e1 \u00edslenskukennslu \u2013 e\u00f0a hva\u00f0?"},"content":{"rendered":"<p>\u00cd samr\u00e1\u00f0sg\u00e1tt stj\u00f3rnvalda er n\u00fa a\u00f0 finna \u201e\u00c1form um frumvarp til laga um m\u00e1lefni innflytjenda\u201c \u00fear sem\u00a0<a href=\"https:\/\/island.is\/samradsgatt\/mal\/4008\" rel=\"\">segir<\/a>: \u201e\u00cd stefnuyfirl\u00fdsingu r\u00edkisstj\u00f3rnar Samfylkingar, Vi\u00f0reisnar og Flokks f\u00f3lksins, dags. 21. desember 2024, segir m.a. a\u00f0 s\u00e9rstaklega ver\u00f0i huga\u00f0 a\u00f0 \u00edslenskri tungu og menningu til a\u00f0 var\u00f0veita og styrkja sj\u00e1lfsmynd \u00fej\u00f3\u00f0ar. Mannr\u00e9ttindi og vir\u00f0ing fyrir fj\u00f6lbreytileika ver\u00f0i lei\u00f0arstef og leitast ver\u00f0i vi\u00f0 a\u00f0 skapa brei\u00f0a s\u00e1tt um \u00feau m\u00e1lefni sem skipta \u00fej\u00f3\u00f0ina mestu. \u00deeim markmi\u00f0um ver\u00f0i n\u00e1\u00f0 m.a. me\u00f0 \u00fev\u00ed a\u00f0 innflytjendur f\u00e1i t\u00e6kif\u00e6ri til a\u00f0 l\u00e6ra \u00edslensku og taka virkan \u00fe\u00e1tt \u00ed samf\u00e9laginu.\u201c \u00deetta er vitaskuld mj\u00f6g j\u00e1kv\u00e6tt og \u00ed takt vi\u00f0 \u00fea\u00f0 sem h\u00e9r hefur oft veri\u00f0 tali\u00f0 nau\u00f0synlegt, en \u00fe\u00f3 m\u00e1 ekki fagna of snemma. \u00cd fylgig\u00f6gnum\u00a0<a href=\"https:\/\/samradapi.island.is\/api\/Documents\/9d0cb6e2-4a5e-f011-9bcd-005056bcce7e\" rel=\"\">segir<\/a>\u00a0nefnilega:<\/p>\n<p>\u201eFrumvarpi\u00f0 lei\u00f0ir af s\u00e9r a\u00f0 auki\u00f0 hlutfall \u00fatgjalda r\u00edkissj\u00f3\u00f0s \u00ed m\u00e1laflokknum renni til \u00edslenskukennslu, samf\u00e9lagsfr\u00e6\u00f0slu og vinnumarka\u00f0s\u00fej\u00e1lfunar \u00ed sta\u00f0 f\u00e9lags\u00fej\u00f3nustu \u00e1\u00f0ur. \u00deannig munu \u00fatgj\u00f6ld Vinnum\u00e1lastofnunar aukast \u00e1 \u00fdmsum svi\u00f0um, t.d. vi\u00f0 kaup \u00e1 \u00edslenskukennslu [...] en \u00feau \u00fatgj\u00f6ld r\u00famast innan fluttra fj\u00e1rheimilda samr\u00e6mdrar m\u00f3tt\u00f6ku.\u201c \u00de\u00f3tt \u00fea\u00f0 hlj\u00f3mi vitanlega vel a\u00f0 \u201eauki\u00f0 hlutfall \u00fatgjalda r\u00edkissj\u00f3\u00f0s \u00ed m\u00e1laflokknum renni til \u00edslenskukennslu\u201c fylgir b\u00f6ggull skammrifi \u2013 samkv\u00e6mt till\u00f6gunum mun sparna\u00f0ur r\u00edkissj\u00f3\u00f0s af breytingunum ver\u00f0a a.m.k. 370-430 millj\u00f3nir \u00e1 \u00e1ri. \u00dea\u00f0 gefur augalei\u00f0 a\u00f0 h\u00e6kka\u00f0 hlutfall af l\u00e6gri upph\u00e6\u00f0 en \u00e1\u00f0ur \u00fe\u00fd\u00f0ir ekki endilega meira fj\u00e1rmagn og g\u00e6ti meira a\u00f0 segja \u00fe\u00fdtt l\u00e6kkun.<\/p>\n<p>\u00cd\u00a0<a href=\"https:\/\/samradapi.island.is\/api\/Documents\/405e0713-b376-f011-9bce-005056bcce7e\" rel=\"\">ums\u00f6gn<\/a>\u00a0Al\u00fe\u00fd\u00f0usambands \u00cdslands er l\u00fdst miklum \u00e1hyggjum af \u00e1hrifum sker\u00f0ingar fj\u00e1rhagsa\u00f0sto\u00f0ar vi\u00f0 erlenda r\u00edkisborgara. \u00dea\u00f0 er ekki vi\u00f0fangsefni \u201eM\u00e1lspjalls\u201c a\u00f0 taka afst\u00f6\u00f0u til \u00feess, en hins vegar er \u00fea\u00f0 verulegt \u00e1hyggjuefni ef sl\u00edk sker\u00f0ing er ger\u00f0 undir \u00feeim formerkjum a\u00f0 veri\u00f0 s\u00e9 a\u00f0 setja auki\u00f0 f\u00e9 \u00ed \u00edslenskukennslu \u2013 sem er ekki einu sinni v\u00edst a\u00f0 ver\u00f0i raunin eins og \u00e1\u00f0ur segir. \u00cdslenskan \u00e1 ekki a\u00f0 vera og m\u00e1 ekki vera neins konar skiptimynt \u2013 \u00fea\u00f0 er nau\u00f0synlegt a\u00f0 st\u00f3rauka kennslu \u00ed \u00edslensku sem \u00f6\u00f0ru m\u00e1li og til hennar ver\u00f0ur a\u00f0 verja miklu meira f\u00e9 en gert hefur veri\u00f0, alveg \u00f3h\u00e1\u00f0 \u00f6\u00f0rum m\u00e1lum. Framsetningin \u00ed umr\u00e6ddum till\u00f6gum veitir \u00fev\u00ed mi\u00f0ur enga tryggingu fyrir \u00fev\u00ed a\u00f0 svo ver\u00f0i gert.<\/p>\n","protected":false},"excerpt":{"rendered":"<p>\u00cd samr\u00e1\u00f0sg\u00e1tt stj\u00f3rnvalda er n\u00fa a\u00f0 finna \u201e\u00c1form um frumvarp til laga um m\u00e1lefni innflytjenda\u201c \u00fear sem\u00a0segir: \u201e\u00cd stefnuyfirl\u00fdsingu r\u00edkisstj\u00f3rnar Samfylkingar, Vi\u00f0reisnar og Flokks f\u00f3lksins, dags. 21. desember 2024, segir m.a. a\u00f0 s\u00e9rstaklega ver\u00f0i huga\u00f0 a\u00f0 \u00edslenskri tungu og menningu til a\u00f0 var\u00f0veita og styrkja sj\u00e1lfsmynd \u00fej\u00f3\u00f0ar. Mannr\u00e9ttindi og vir\u00f0ing fyrir fj\u00f6lbreytileika ver\u00f0i lei\u00f0arstef og [&hellip;]<\/p>\n","protected":false},"author":141,"featured_media":0,"comment_status":"open","ping_status":"open","sticky":false,"template":"","format":"standard","meta":{"footnotes":""},"categories":[158635],"tags":[],"class_list":["post-7530","post","type-post","status-publish","format-standard","hentry","category-malfar"],"_links":{"self":[{"href":"https:\/\/uni.hi.is\/eirikur\/wp-json\/wp\/v2\/posts\/7530","targetHints":{"allow":["GET"]}}],"collection":[{"href":"https:\/\/uni.hi.is\/eirikur\/wp-json\/wp\/v2\/posts"}],"about":[{"href":"https:\/\/uni.hi.is\/eirikur\/wp-json\/wp\/v2\/types\/post"}],"author":[{"embeddable":true,"href":"https:\/\/uni.hi.is\/eirikur\/wp-json\/wp\/v2\/users\/141"}],"replies":[{"embeddable":true,"href":"https:\/\/uni.hi.is\/eirikur\/wp-json\/wp\/v2\/comments?post=7530"}],"version-history":[{"count":1,"href":"https:\/\/uni.hi.is\/eirikur\/wp-json\/wp\/v2\/posts\/7530\/revisions"}],"predecessor-version":[{"id":7531,"href":"https:\/\/uni.hi.is\/eirikur\/wp-json\/wp\/v2\/posts\/7530\/revisions\/7531"}],"wp:attachment":[{"href":"https:\/\/uni.hi.is\/eirikur\/wp-json\/wp\/v2\/media?parent=7530"}],"wp:term":[{"taxonomy":"category","embeddable":true,"href":"https:\/\/uni.hi.is\/eirikur\/wp-json\/wp\/v2\/categories?post=7530"},{"taxonomy":"post_tag","embeddable":true,"href":"https:\/\/uni.hi.is\/eirikur\/wp-json\/wp\/v2\/tags?post=7530"}],"curies":[{"name":"wp","href":"https:\/\/api.w.org\/{rel}","templated":true}]}}