{"id":7747,"date":"2025-11-11T11:32:11","date_gmt":"2025-11-11T11:32:11","guid":{"rendered":"https:\/\/uni.hi.is\/eirikur\/?p=7747"},"modified":"2025-11-11T11:37:06","modified_gmt":"2025-11-11T11:37:06","slug":"skrekkstungan","status":"publish","type":"post","link":"https:\/\/uni.hi.is\/eirikur\/2025\/11\/11\/skrekkstungan\/","title":{"rendered":"Skrekkstungan"},"content":{"rendered":"<p>\u00cd g\u00e6rkv\u00f6ldi var s\u00fdnd \u00ed sj\u00f3nvarpinu <a href=\"https:\/\/www.ruv.is\/sjonvarp\/dagskra\/ruv\/2025-11-10\/5449255\">\u00farslitakeppni<\/a> <em>Skrekks<\/em>, h\u00e6fileikakeppni grunnsk\u00f3lanna \u00ed Reykjav\u00edk. \u00c9g horf\u00f0i \u00e1 hana heima en undanfarin \u00ferj\u00fa \u00e1r hef \u00e9g horft \u00e1 hana \u00ed Borgarleikh\u00fasinu vegna \u00feess a\u00f0 \u00e9g hef veri\u00f0 \u00ed d\u00f3mnefnd um \u201eSkrekkstunguna\u201c, vi\u00f0urkenningu sem veitt er fyrir frj\u00f3a og skapandi notkun \u00edslensku. \u00c9g af\u00feakka\u00f0i bo\u00f0 um a\u00f0 vera \u00e1fram \u00ed d\u00f3mnefndinni \u00ed \u00e1r en \u00f3neitanlega \u00f6funda\u00f0i \u00e9g d\u00f3mnefndarf\u00f3lk svol\u00edti\u00f0. \u00deessi vi\u00f0urkenning var tekin upp fyrir \u00feremur \u00e1rum vegna \u00feess a\u00f0 a\u00f0standendum keppninnar fannst \u00edslenska vera \u00e1 undanhaldi og vildu reyna a\u00f0 sn\u00faa \u00feeirri \u00fer\u00f3un vi\u00f0. \u00dea\u00f0 hefur sannarlega tekist \u2013 notkun \u00edslensku \u00ed atri\u00f0unum hefur aukist \u00e1r fr\u00e1 \u00e1ri og \u00e1 \u00feessu \u00e1ri skilst m\u00e9r a\u00f0 \u00edslenska hafi veri\u00f0 \u00ed \u00f6llum atri\u00f0unum tuttugu og fimm.<\/p>\n<p>Auk \u00feess a\u00f0 vinna Skrekk f\u00e9kk Fellask\u00f3li Skrekkstunguna fyrir <a href=\"https:\/\/www.ruv.is\/sjonvarp\/spila\/skrekkur-2025-skolarnir\/38619\/bg9ilr\">atri\u00f0i\u00f0<\/a> \u201e\u00der\u00fdstingsbylgja\u201c. \u00deetta er s\u00e9rlega \u00e1n\u00e6gjulegt \u00ed lj\u00f3si \u00feess a\u00f0 Fellask\u00f3li er \u00feekktur fyrir <a href=\"https:\/\/www.visir.is\/g\/20242663260d\/um-360-nemendur-sem-tala-25-tungumal\">h\u00e1tt hlutfall<\/a> nemenda af erlendum uppruna. \u00cd ums\u00f6gn d\u00f3mnefndar <a href=\"https:\/\/reykjavik.is\/frettir\/2025\/tvofaldur-sigur-hja-fellaskola-i-skrekk-2025\">sag\u00f0i<\/a>: \u201eAtri\u00f0i\u00f0 sem f\u00e6r Skrekkstunguna \u00e1ri\u00f0 2025 n\u00fdtir \u00edslensku \u00e1 skapandi h\u00e1tt \u00ed s\u00f6ng, tali og einr\u00e6\u00f0u. Atri\u00f0i\u00f0 er \u00e1 v\u00f6ndu\u00f0u og fallegu m\u00e1li, lj\u00f3\u00f0r\u00e6nt og sei\u00f0andi en l\u00edka sk\u00fdrt og a\u00f0gengilegt. M\u00e1lsni\u00f0 hvers hluta er vi\u00f0eigandi fyrir efni hans, tungum\u00e1li\u00f0 er \u00f3\u00fevinga\u00f0 og sl\u00edpa\u00f0 og hvert or\u00f0 \u00fej\u00f3nar atri\u00f0inu. Flytjendur nota tungum\u00e1li\u00f0 \u00ed eigin \u00fe\u00e1gu og er titillinn \u00fear engin undantekning.\u201c Vi\u00f0 \u00feurfum a\u00f0 treysta kr\u00f6kkunum fyrir \u00edslenskunni \u00ed sta\u00f0 \u00feess a\u00f0 vera s\u00edfellt a\u00f0 gagnr\u00fdna m\u00e1lnotkun \u00feeirra og tala \u00feau ni\u00f0ur.<\/p>\n","protected":false},"excerpt":{"rendered":"<p>\u00cd g\u00e6rkv\u00f6ldi var s\u00fdnd \u00ed sj\u00f3nvarpinu \u00farslitakeppni Skrekks, h\u00e6fileikakeppni grunnsk\u00f3lanna \u00ed Reykjav\u00edk. \u00c9g horf\u00f0i \u00e1 hana heima en undanfarin \u00ferj\u00fa \u00e1r hef \u00e9g horft \u00e1 hana \u00ed Borgarleikh\u00fasinu vegna \u00feess a\u00f0 \u00e9g hef veri\u00f0 \u00ed d\u00f3mnefnd um \u201eSkrekkstunguna\u201c, vi\u00f0urkenningu sem veitt er fyrir frj\u00f3a og skapandi notkun \u00edslensku. \u00c9g af\u00feakka\u00f0i bo\u00f0 um a\u00f0 vera \u00e1fram [&hellip;]<\/p>\n","protected":false},"author":141,"featured_media":0,"comment_status":"closed","ping_status":"closed","sticky":false,"template":"","format":"standard","meta":{"footnotes":""},"categories":[158635],"tags":[],"class_list":["post-7747","post","type-post","status-publish","format-standard","hentry","category-malfar"],"_links":{"self":[{"href":"https:\/\/uni.hi.is\/eirikur\/wp-json\/wp\/v2\/posts\/7747","targetHints":{"allow":["GET"]}}],"collection":[{"href":"https:\/\/uni.hi.is\/eirikur\/wp-json\/wp\/v2\/posts"}],"about":[{"href":"https:\/\/uni.hi.is\/eirikur\/wp-json\/wp\/v2\/types\/post"}],"author":[{"embeddable":true,"href":"https:\/\/uni.hi.is\/eirikur\/wp-json\/wp\/v2\/users\/141"}],"replies":[{"embeddable":true,"href":"https:\/\/uni.hi.is\/eirikur\/wp-json\/wp\/v2\/comments?post=7747"}],"version-history":[{"count":2,"href":"https:\/\/uni.hi.is\/eirikur\/wp-json\/wp\/v2\/posts\/7747\/revisions"}],"predecessor-version":[{"id":7749,"href":"https:\/\/uni.hi.is\/eirikur\/wp-json\/wp\/v2\/posts\/7747\/revisions\/7749"}],"wp:attachment":[{"href":"https:\/\/uni.hi.is\/eirikur\/wp-json\/wp\/v2\/media?parent=7747"}],"wp:term":[{"taxonomy":"category","embeddable":true,"href":"https:\/\/uni.hi.is\/eirikur\/wp-json\/wp\/v2\/categories?post=7747"},{"taxonomy":"post_tag","embeddable":true,"href":"https:\/\/uni.hi.is\/eirikur\/wp-json\/wp\/v2\/tags?post=7747"}],"curies":[{"name":"wp","href":"https:\/\/api.w.org\/{rel}","templated":true}]}}