{"id":8140,"date":"2026-04-27T12:42:04","date_gmt":"2026-04-27T12:42:04","guid":{"rendered":"https:\/\/uni.hi.is\/eirikur\/?p=8140"},"modified":"2026-04-27T16:40:46","modified_gmt":"2026-04-27T16:40:46","slug":"islenska-sem-annad-mal-i-kosningastefnuskram","status":"publish","type":"post","link":"https:\/\/uni.hi.is\/eirikur\/2026\/04\/27\/islenska-sem-annad-mal-i-kosningastefnuskram\/","title":{"rendered":"\u00cdslenska sem anna\u00f0 m\u00e1l \u00ed kosningastefnuskr\u00e1m"},"content":{"rendered":"<p>\u00dea\u00f0 er \u00e1hugavert a\u00f0 sko\u00f0a stefnuskr\u00e1r listanna sem bj\u00f3\u00f0a fram vi\u00f0 borgarstj\u00f3rnarkosningarnar \u00ed Reykjav\u00edk \u00ed n\u00e6sta m\u00e1nu\u00f0i me\u00f0 tilliti til \u00feess sem \u00fear segir um kennslu \u00ed \u00edslensku sem \u00f6\u00f0ru m\u00e1li, sem er eitt mikilv\u00e6gasta vi\u00f0fangsefni b\u00e6\u00f0i r\u00edkis og sveitarf\u00e9laga um \u00feessar mundir. Stefnuskr\u00e1rnar eru reyndar mj\u00f6g misjafnlega a\u00f0gengilegar og \u00e9g skal ekki \u00e1byrgjast a\u00f0 \u00e9g hafi fundi\u00f0 allt sem m\u00e1li skiptir, og tek f\u00faslega vi\u00f0 lei\u00f0r\u00e9ttingum og athugasemdum. En h\u00e9r er \u00fea\u00f0 sem \u00e9g fann:<\/p>\n<p><strong>A \u2013 Vinstri\u00f0<\/strong> (<a href=\"https:\/\/vinstrid.is\/stefnumal.html\">https:\/\/vinstrid.is\/stefnumal.html<\/a>)<\/p>\n<ul>\n<li>Ekkert fannst.<\/li>\n<\/ul>\n<p><strong>B \u2013 Frams\u00f3knarflokkurinn<\/strong> (<a href=\"https:\/\/www.framsokn.is\/sveitarfelog\/reykjavik\">https:\/\/www.framsokn.is\/sveitarfelog\/reykjavik<\/a>)<\/p>\n<ul>\n<li>Ekkert fannst.<\/li>\n<\/ul>\n<p><strong>C \u2013 Vi\u00f0reisn<\/strong> (<a href=\"https:\/\/www.vidreisnreykjavik.is\/fjolmenning\">https:\/\/www.vidreisnreykjavik.is\/fjolmenning<\/a>)<\/p>\n<ul>\n<li>Vi\u00f0 eigum a\u00f0 bj\u00f3\u00f0a f\u00f3lk velkomi\u00f0 og stu\u00f0la a\u00f0 raunverulegri inngildingu me\u00f0 \u00fev\u00ed a\u00f0 gera \u00edslenskukennslu og kennslu \u00ed \u00edslenskri menningu mun a\u00f0gengilegri \u00ed samstarfi vi\u00f0 r\u00edki\u00f0. H\u00e9r \u00fearf a\u00f0 huga a\u00f0 \u00f6llum h\u00f3pum; b\u00f6rnum, foreldrum og ungu, barnlausu f\u00f3lki sem kemur hinga\u00f0. Tungum\u00e1li\u00f0 sem og a\u00f0gangur a\u00f0 r\u00e9ttum uppl\u00fdsingum eru lykilatri\u00f0i \u00ed a\u00f0l\u00f6gun. G\u00f3\u00f0 uppl\u00fdsingagj\u00f6f stu\u00f0lar a\u00f0 jafnari t\u00e6kif\u00e6rum.<\/li>\n<li>Efla \u00fearf m\u00f3tt\u00f6ku barna me\u00f0 fj\u00f6lbreyttan menningar- og tungum\u00e1labakgrunn innan grunnsk\u00f3lanna. \u00dea\u00f0 viljum vi\u00f0 gera me\u00f0 \u00fev\u00ed a\u00f0 f\u00e6ra \u00fej\u00f3nustu fyrir b\u00f6rn og fj\u00f6lskyldur inn \u00ed sk\u00f3lana sj\u00e1lfa. \u00de\u00e1 viljum vi\u00f0 tryggja a\u00f0 til s\u00e9 n\u00e1msefni sem gerir b\u00f6rnunum kleift a\u00f0 l\u00e6ra \u00edslensku og samf\u00e9lagsfr\u00e6\u00f0i me\u00f0 \u00fea\u00f0 a\u00f0 markmi\u00f0i a\u00f0 \u00feeim s\u00e9u trygg\u00f0 j\u00f6fn t\u00e6kif\u00e6ri til \u00fe\u00e1ttt\u00f6ku \u00ed \u00edslensku samf\u00e9lagi.<\/li>\n<li>\u00de\u00e1 s\u00fdna ranns\u00f3knir a\u00f0 \u00feegar \u00fe\u00fa kannt m\u00f3\u00f0urm\u00e1l \u00feitt vel \u00fe\u00e1 \u00e1ttu au\u00f0veldara me\u00f0 a\u00f0 l\u00e6ra \u00f6nnur tungum\u00e1l. \u00cd Reykjav\u00edk hefur \u00fea\u00f0 s\u00fdnt sig a\u00f0 innflytjendur nota fr\u00edstundastyrk borgarinnar til \u00feess a\u00f0 grei\u00f0a fyrir m\u00f3\u00f0urm\u00e1lskennslu, og b\u00f6rn innflytjenda fara \u00fev\u00ed s\u00ed\u00f0ur \u00ed fr\u00edstund, \u00ed\u00fer\u00f3ttir og a\u00f0rar t\u00f3mstundir. Vi\u00f0reisn vill kanna lei\u00f0ir til \u00feess a\u00f0 f\u00e6ra m\u00f3\u00f0urm\u00e1lskennsluna \u00ed auknum m\u00e6li inn \u00ed grunnsk\u00f3lana svo tryggja megi a\u00f0 \u00f6ll b\u00f6rn \u00ed Reykjav\u00edk hafi a\u00f0gang a\u00f0 fj\u00f6lbreyttu fr\u00edstundastarfi \u00f3h\u00e1\u00f0 b\u00fasetu og efnahag.<\/li>\n<\/ul>\n<p><strong>D \u2013 Sj\u00e1lfst\u00e6\u00f0isflokkurinn<\/strong> (<a href=\"https:\/\/www.xdreykjavik.is\/strax-d\">https:\/\/www.xdreykjavik.is\/strax-d<\/a>)<\/p>\n<ul>\n<li>Vi\u00f0 \u00e6tlum a\u00f0 efla \u00edslenskukennslu fyrir starfsf\u00f3lk dagheimila og leiksk\u00f3la.<\/li>\n<li>Vi\u00f0 \u00e6tlum a\u00f0 innlei\u00f0a m\u00f3tt\u00f6kudeildir \u00ed grunnsk\u00f3lum fyrir b\u00f6rn sem flytja hinga\u00f0 til lands og \u00feekkja hvorki \u00edslenska tungu n\u00e9 \u00edslenskt samf\u00e9lag.<\/li>\n<\/ul>\n<p><strong>F \u2013 Flokkur f\u00f3lksins<\/strong> (<a href=\"https:\/\/flokkurfolksins.is\/reykjavik\/aherslumal.html\">https:\/\/flokkurfolksins.is\/reykjavik\/aherslumal.html<\/a>)<\/p>\n<ul>\n<li>Innlei\u00f0um \u00e1rangursr\u00edkar lestrara\u00f0fer\u00f0ir \u00e1 bor\u00f0 vi\u00f0 Kveikjum neistann og st\u00f3reflum \u00cdSAT kennslu (\u00edslensku sem anna\u00f0 tungum\u00e1l).<\/li>\n<\/ul>\n<p><strong>G \u2013 G\u00f3\u00f0an daginn<\/strong> (<a href=\"https:\/\/gdf.is\/stefnumalin\/\">https:\/\/gdf.is\/stefnumalin\/<\/a>)<\/p>\n<ul>\n<li>Vi\u00f0 viljum styrkja stu\u00f0ning vi\u00f0 nemendur me\u00f0 fj\u00f6lbreyttan bakgrunn, \u00fear \u00e1 me\u00f0al \u00fe\u00e1 sem ekki hafa \u00edslensku a\u00f0 m\u00f3\u00f0urm\u00e1li.<\/li>\n<\/ul>\n<p><strong>J \u2013 S\u00f3s\u00edalistaflokkurinn<\/strong> (<a href=\"https:\/\/www.sosialistaflokkurinn.is\/stefna\/skola-og-fristundamal-kosningar\">https:\/\/www.sosialistaflokkurinn.is\/stefna\/skola-og-fristundamal-kosningar<\/a>, <a href=\"https:\/\/www.sosialistaflokkurinn.is\/stefna\/velferd-og-oryggi-kosningar\">https:\/\/www.sosialistaflokkurinn.is\/stefna\/velferd-og-oryggi-kosningar<\/a>)<\/p>\n<ul>\n<li>Efla \u00fearf \u00edslenskukennslu barna me\u00f0 erlendan bakgrunn. A\u00f0gengi a\u00f0 tungum\u00e1linu er undirsta\u00f0a inngildingar inn \u00ed samf\u00e9lagi\u00f0. Br\u00fdnt er a\u00f0 endursko\u00f0a fyrirkomulag kennslu \u00ed \u00edslensku sem annars tungum\u00e1ls (\u00cdSAT). Fj\u00f6lga \u00fearf \u00edslenskuverum til \u00feess a\u00f0 koma til m\u00f3ts vi\u00f0 \u00fe\u00f6rf. \u00d6ll b\u00f6rn sem eru byrjendur \u00ed \u00edslensku skulu hafa a\u00f0gang a\u00f0 \u00edslenskuverum, en ekki a\u00f0eins fr\u00e1 5. bekk eins og n\u00fa er. Auka \u00fearf umfang og sveigjanleika n\u00e1ms innan \u00edslenskuveranna svo b\u00f6rn af erlendum uppruna s\u00e9u betur undirb\u00fain fyrir almennt sk\u00f3lastarf. Skilyr\u00f0i um uppfyllt h\u00e6fnivi\u00f0mi\u00f0 \u00far \u00edslenskuverum \u00fearf a\u00f0 endurspegla n\u00e1mskr\u00f6fur sem gert er r\u00e1\u00f0 fyrir \u00ed heimask\u00f3la a\u00f0 loknu n\u00e1mi \u00ed \u00edslenskuveri. Jafnframt er nau\u00f0synlegt a\u00f0 koma af sta\u00f0 reglubundnu eftirliti \u00e1 starfsemi \u00edslenskuveranna og framkv\u00e6md \u00cdSAT-kennslu \u00ed heimask\u00f3lum til a\u00f0 tryggja samr\u00e6mi og \u00fear me\u00f0 aukinn j\u00f6fnu\u00f0.<\/li>\n<li>Galopnar dyr a\u00f0 \u00edslenskunni: S\u00f3s\u00edalistaflokkurinn leggur \u00e1herslu \u00e1 mikilv\u00e6gi \u00feess a\u00f0 galopna dyrnar a\u00f0 \u00edslensku m\u00e1lsamf\u00e9lagi fyrir innflytjendur: A\u00f0 Reykjav\u00edkurborg ver\u00f0i lei\u00f0andi \u00e1 landsv\u00edsu \u00ed \u00e1herslu \u00e1 mikilv\u00e6gi \u00edslenskukennslu og notkunar \u00edslensku \u00ed samskiptum \u00e1 vinnust\u00f6\u00f0um; a\u00f0 atvinnurekandinn Reykjav\u00edkurborg bj\u00f3\u00f0i \u00f6llum starfsm\u00f6nnum s\u00ednum, sem ekki hafa \u00edslensku a\u00f0 fyrsta m\u00e1li, \u00edslenskukennslu \u00e1 vinnut\u00edma. Kunn\u00e1tta og f\u00e6rni \u00ed \u00edslensku er og eitt \u00f6flugasta t\u00e6ki\u00f0 til a\u00f0 ry\u00f0ja \u00far vegi vi\u00f0sj\u00e1rver\u00f0um a\u00f0skilna\u00f0i \u00ed \u201evi\u00f0\u201c og \u201ehina\u201c. Aukin kunn\u00e1tta og f\u00e6rni \u00ed tungum\u00e1linu opnar innflytjendum dyr, og \u00fdtir undir samkeppnisf\u00e6rni \u00feeirra \u00ed sk\u00f3la og \u00e1 vinnumarka\u00f0i. Aukin f\u00e6rni \u00ed \u00edslensku styrkir innflytjendur \u00ed a\u00f0 standa v\u00f6r\u00f0 um st\u00f6\u00f0u s\u00edna og r\u00e9ttindi.<\/li>\n<\/ul>\n<p><strong>M \u2013 Mi\u00f0flokkurinn<\/strong> (<a href=\"https:\/\/midflokkurinn.is\/reykjavik\">https:\/\/midflokkurinn.is\/reykjavik<\/a>)<\/p>\n<ul>\n<li><strong>Tungum\u00e1l leiksk\u00f3lanna er \u00edslenska.<\/strong> Gera \u00e1 sk\u00fdrar kr\u00f6fur um a\u00f0 \u00feeir sem starfa vi\u00f0 um\u00f6nnun barna \u00e1 leiksk\u00f3lum \u00ed Reykjav\u00edk b\u00fai yfir vi\u00f0unandi \u00edslenskukunn\u00e1ttu. S\u00edfellt fleiri d\u00e6mi eru um hi\u00f0 gagnst\u00e6\u00f0a og jafnvel um deildir \u00fear sem f\u00e1ir ef nokkur starfsma\u00f0ur hefur \u00edslensku a\u00f0 m\u00f3\u00f0urm\u00e1li. Vi\u00f0 \u00feetta ver\u00f0ur ekki una\u00f0 \u00e1 mikilv\u00e6gu m\u00e1l\u00feroskaskei\u00f0i barna, \u00edslenskra jafnt sem erlendra.<\/li>\n<li><strong>\u00dej\u00f3\u00f0legt sk\u00f3lastarf.<\/strong> Margir sk\u00f3lar \u00ed Reykjav\u00edk \u00feola or\u00f0i\u00f0 illa \u00fea\u00f0 \u00e1lag sem fylgt hefur innflytjendastefnu s\u00ed\u00f0ustu \u00e1ratuga. Fars\u00e6last fyrir alla er a\u00f0 innflytjendur og b\u00f6rn \u00feeirra lagi sig a\u00f0 \u00edslensku sk\u00f3lakerfi og \u00edslensku gildismati. Auka \u00fearf \u00e1herslu \u00e1 \u00cdsland, \u00edslenska tungu og \u00edslenska menningu og skal sl\u00edkt hafa forgang fram yfir kennslu annarra tungum\u00e1la. Skipuleggja \u00fearf m\u00f3tt\u00f6ku erlendra barna me\u00f0 m\u00f3tt\u00f6kudeildum og -sk\u00f3lum me\u00f0 markvissri tungum\u00e1lakennslu, sem \u00fearf a\u00f0 hafa bori\u00f0 \u00e1rangur \u00e1\u00f0ur en fari\u00f0 er inn \u00ed almennt n\u00e1m \u00ed venjulegum bekk.<\/li>\n<\/ul>\n<p><strong>P \u2013 P\u00edratar<\/strong> (<a href=\"https:\/\/piratar.is\/piratarireykjavik26\">https:\/\/piratar.is\/piratarireykjavik26<\/a>)<\/p>\n<ul>\n<li>Ekkert fannst.<\/li>\n<\/ul>\n<p><strong>R \u2013 Okkar borg<\/strong> (<a href=\"https:\/\/www.okkarborg.is\/\">https:\/\/www.okkarborg.is\/<\/a>)<\/p>\n<ul>\n<li>Forn\u00e1m \u00ed \u00edslensku fyrir b\u00f6rn sem ekki tala m\u00e1li\u00f0 ver\u00f0ur \u00e1 \u00e1byrg\u00f0 r\u00edkissins.<\/li>\n<\/ul>\n<p><strong>S \u2013 Samfylkingin<\/strong> (<a href=\"https:\/\/xs.is\/setjum-bornin-i-fyrsta-saeti\">https:\/\/xs.is\/setjum-bornin-i-fyrsta-saeti<\/a>)<\/p>\n<ul>\n<li>Aukum til muna \u00edslenskukennslu barna me\u00f0 anna\u00f0 m\u00f3\u00f0urm\u00e1l en \u00edslensku til \u00feess a\u00f0 skapa t\u00e6kif\u00e6ri og stu\u00f0la a\u00f0 j\u00f6fnu\u00f0i.<\/li>\n<\/ul>\n","protected":false},"excerpt":{"rendered":"<p>\u00dea\u00f0 er \u00e1hugavert a\u00f0 sko\u00f0a stefnuskr\u00e1r listanna sem bj\u00f3\u00f0a fram vi\u00f0 borgarstj\u00f3rnarkosningarnar \u00ed Reykjav\u00edk \u00ed n\u00e6sta m\u00e1nu\u00f0i me\u00f0 tilliti til \u00feess sem \u00fear segir um kennslu \u00ed \u00edslensku sem \u00f6\u00f0ru m\u00e1li, sem er eitt mikilv\u00e6gasta vi\u00f0fangsefni b\u00e6\u00f0i r\u00edkis og sveitarf\u00e9laga um \u00feessar mundir. Stefnuskr\u00e1rnar eru reyndar mj\u00f6g misjafnlega a\u00f0gengilegar og \u00e9g skal ekki \u00e1byrgjast a\u00f0 [&hellip;]<\/p>\n","protected":false},"author":141,"featured_media":0,"comment_status":"closed","ping_status":"closed","sticky":false,"template":"","format":"standard","meta":{"footnotes":""},"categories":[158635],"tags":[],"class_list":["post-8140","post","type-post","status-publish","format-standard","hentry","category-malfar"],"_links":{"self":[{"href":"https:\/\/uni.hi.is\/eirikur\/wp-json\/wp\/v2\/posts\/8140","targetHints":{"allow":["GET"]}}],"collection":[{"href":"https:\/\/uni.hi.is\/eirikur\/wp-json\/wp\/v2\/posts"}],"about":[{"href":"https:\/\/uni.hi.is\/eirikur\/wp-json\/wp\/v2\/types\/post"}],"author":[{"embeddable":true,"href":"https:\/\/uni.hi.is\/eirikur\/wp-json\/wp\/v2\/users\/141"}],"replies":[{"embeddable":true,"href":"https:\/\/uni.hi.is\/eirikur\/wp-json\/wp\/v2\/comments?post=8140"}],"version-history":[{"count":4,"href":"https:\/\/uni.hi.is\/eirikur\/wp-json\/wp\/v2\/posts\/8140\/revisions"}],"predecessor-version":[{"id":8144,"href":"https:\/\/uni.hi.is\/eirikur\/wp-json\/wp\/v2\/posts\/8140\/revisions\/8144"}],"wp:attachment":[{"href":"https:\/\/uni.hi.is\/eirikur\/wp-json\/wp\/v2\/media?parent=8140"}],"wp:term":[{"taxonomy":"category","embeddable":true,"href":"https:\/\/uni.hi.is\/eirikur\/wp-json\/wp\/v2\/categories?post=8140"},{"taxonomy":"post_tag","embeddable":true,"href":"https:\/\/uni.hi.is\/eirikur\/wp-json\/wp\/v2\/tags?post=8140"}],"curies":[{"name":"wp","href":"https:\/\/api.w.org\/{rel}","templated":true}]}}