{"id":156,"date":"2014-02-20T18:50:53","date_gmt":"2014-02-20T18:50:53","guid":{"rendered":"http:\/\/uni.hi.is\/ers12\/?p=156"},"modified":"2014-02-20T21:30:20","modified_gmt":"2014-02-20T21:30:20","slug":"my-photo-used-to-describe-an-erratic","status":"publish","type":"post","link":"https:\/\/uni.hi.is\/ers12\/2014\/02\/20\/my-photo-used-to-describe-an-erratic\/","title":{"rendered":"My photo used to describe an erratic"},"content":{"rendered":"<p><a title=\"J\u00f6kulrispur og Grettistak by eir@si, on Flickr\" href=\"http:\/\/www.flickr.com\/photos\/eirasi\/3491453858\/\"><img loading=\"lazy\" decoding=\"async\" class=\"alignright\" alt=\"J\u00f6kulrispur og Grettistak\" src=\"https:\/\/farm4.staticflickr.com\/3331\/3491453858_d586f4ae1c_n.jpg\" width=\"320\" height=\"215\" align=\"right\" hspace=\"10\/\" \/><\/a>Sometimes someone takes my photographs without telling me, sometimes I'm mentioned as the owner of the photo and sometimes not. I came upon a photo from my Flickr page on another webpage today but this time I was rather proud. It appeared on the Icelandic science web, V\u00edsindavefur and is on a page describing <a title=\"Grettistak or erratic\" href=\"http:\/\/www.visindavefur.is\/svar.php?id=66458\">what is an erratic<\/a>,\u00a0or Grettistak if I use the Icelandic word for it. The authors on this science web are usually professors or other scientists of the Icelandic universities or institutes. The author that decided to use my photo is Sigur\u00f0ur Stein\u00fe\u00f3rsson, retired mineralogy professor from the earth science department of the University of Iceland. I don't know him personally but in the university people usually tend to speak about him as a legend. So I must say he is welcome to use my photo and also it is made clear on my photo page for this photo it is allowed to use it if I'm mentioned as the owner of the photo!<\/p>\n<p>I also like this photo quite a lot and used it for example in a firs year university paper I wrote about the <a title=\"J\u00f6klunarsaga \u00cdslands\" href=\"http:\/\/notendur.hi.is\/~ers12\/skrar\/J%c3%b6klunarsaga%20%c3%8dslands-ritgerdin.pdf\">icelandic glaciation history<\/a>.<\/p>\n","protected":false},"excerpt":{"rendered":"<p>Sometimes someone takes my photographs without telling me, sometimes I'm mentioned as the owner of the photo and sometimes not. I came upon a photo from my Flickr page on another webpage today but this time I was rather proud. &hellip; <a href=\"https:\/\/uni.hi.is\/ers12\/2014\/02\/20\/my-photo-used-to-describe-an-erratic\/\">Continue reading <span class=\"meta-nav\">&rarr;<\/span><\/a><\/p>\n","protected":false},"author":937,"featured_media":0,"comment_status":"open","ping_status":"closed","sticky":false,"template":"","format":"standard","meta":{"footnotes":""},"categories":[120506,120992],"tags":[],"class_list":["post-156","post","type-post","status-publish","format-standard","hentry","category-glacier","category-photography"],"_links":{"self":[{"href":"https:\/\/uni.hi.is\/ers12\/wp-json\/wp\/v2\/posts\/156","targetHints":{"allow":["GET"]}}],"collection":[{"href":"https:\/\/uni.hi.is\/ers12\/wp-json\/wp\/v2\/posts"}],"about":[{"href":"https:\/\/uni.hi.is\/ers12\/wp-json\/wp\/v2\/types\/post"}],"author":[{"embeddable":true,"href":"https:\/\/uni.hi.is\/ers12\/wp-json\/wp\/v2\/users\/937"}],"replies":[{"embeddable":true,"href":"https:\/\/uni.hi.is\/ers12\/wp-json\/wp\/v2\/comments?post=156"}],"version-history":[{"count":5,"href":"https:\/\/uni.hi.is\/ers12\/wp-json\/wp\/v2\/posts\/156\/revisions"}],"predecessor-version":[{"id":164,"href":"https:\/\/uni.hi.is\/ers12\/wp-json\/wp\/v2\/posts\/156\/revisions\/164"}],"wp:attachment":[{"href":"https:\/\/uni.hi.is\/ers12\/wp-json\/wp\/v2\/media?parent=156"}],"wp:term":[{"taxonomy":"category","embeddable":true,"href":"https:\/\/uni.hi.is\/ers12\/wp-json\/wp\/v2\/categories?post=156"},{"taxonomy":"post_tag","embeddable":true,"href":"https:\/\/uni.hi.is\/ers12\/wp-json\/wp\/v2\/tags?post=156"}],"curies":[{"name":"wp","href":"https:\/\/api.w.org\/{rel}","templated":true}]}}