{"id":214,"date":"2019-03-08T16:05:02","date_gmt":"2019-03-08T16:05:02","guid":{"rendered":"http:\/\/uni.hi.is\/jvannahl\/?p=214"},"modified":"2019-12-23T09:32:21","modified_gmt":"2019-12-23T09:32:21","slug":"lecture-hugvisindathing-2019-dag-ne-nott-hlutverk-myrkurs-i-egils-sogu-skalla-grimssonar","status":"publish","type":"post","link":"https:\/\/uni.hi.is\/jvannahl\/2019\/03\/08\/lecture-hugvisindathing-2019-dag-ne-nott-hlutverk-myrkurs-i-egils-sogu-skalla-grimssonar\/","title":{"rendered":"Lecture (Hugv\u00edsinda\u00feing 2019): \"Dag n\u00e9 n\u00f3tt\" \u2013 Hlutverk myrkurs \u00ed Egils s\u00f6gu Skalla-Gr\u00edmssonar"},"content":{"rendered":"<p><span><img loading=\"lazy\" decoding=\"async\" class=\" wp-image-217 aligncenter\" src=\"http:\/\/uni.hi.is\/jvannahl\/files\/2019\/03\/werbung2-1-300x169.jpg\" alt=\"\" width=\"493\" height=\"278\" srcset=\"https:\/\/uni.hi.is\/jvannahl\/files\/2019\/03\/werbung2-1-300x169.jpg 300w, https:\/\/uni.hi.is\/jvannahl\/files\/2019\/03\/werbung2-1-768x432.jpg 768w, https:\/\/uni.hi.is\/jvannahl\/files\/2019\/03\/werbung2-1.jpg 800w\" sizes=\"auto, (max-width: 493px) 100vw, 493px\" \/><\/span><\/p>\n<p><span>Hugsun mannsins um myrkur og n\u00f3tt er eldg\u00f6mul. Myrkri\u00f0 hefur a\u00f0 v\u00edsu alltaf \u00e1tt s\u00e9rstaklega st\u00f3ran \u00fe\u00e1tt \u00ed hversdeginum \u00e1 Nor\u00f0url\u00f6ndum og ekki kemur \u00e1 \u00f3vart a\u00f0 \u00fea\u00f0 s\u00e9 jafnvel \u00feema \u00ed m\u00f6rgum \u00cdslendingas\u00f6gum. Ef ni\u00f0urst\u00f6\u00f0ur al\u00fej\u00f3\u00f0legra ranns\u00f3kna eru dregnar saman kemur samt \u00ed lj\u00f3s a\u00f0 flestir fr\u00e6\u00f0imenn telji a\u00f0 f\u00f3lk \u00e1 mi\u00f0\u00f6ldum hafi sjaldan haft \u00e1st\u00e6\u00f0u til \u00feess a\u00f0 velta n\u00f3tt og myrkri fyrir s\u00e9r. \u00deessi sko\u00f0un n\u00e6r ekki langt \u00feegar r\u00e6tt er um \u00cdslendingas\u00f6gurnar. \u00cd fyrirlestrinum ver\u00f0ur fjalla\u00f0 um d\u00e6mi \u00far Egils s\u00f6gu Skalla-Gr\u00edmssonar, en greina m\u00e1 \u00e1 milli mismunandi merkinga n\u00e6turinnar og myrkurs \u00ed s\u00f6gunni. Spurt ver\u00f0ur a\u00f0 lokum hvort h\u00e6gt s\u00e9 a\u00f0 tengja margr\u00e6\u00f0ni \u00feessara hugtaka og hugmynda \u00ed Egils s\u00f6gu vi\u00f0 \u00edslenskt hugarfar \u00e1 13. \u00f6ld \u00feegar sagan var\u00f0 til.<\/span><\/p>\n<p><span>I turned this topic into a paper (\"<\/span>N\u00e1ttv\u00edg eru mor\u00f0v\u00edg. Dunkelheit und Nacht in der Egils saga Skallagr\u00edmssonar\") <span style=\"font-family: tahoma, arial, helvetica, sans-serif\">which will be published in 2020.<\/span><\/p>\n","protected":false},"excerpt":{"rendered":"<p>Hugsun mannsins um myrkur og n\u00f3tt er eldg\u00f6mul. Myrkri\u00f0 hefur a\u00f0 v\u00edsu alltaf \u00e1tt s\u00e9rstaklega st\u00f3ran \u00fe\u00e1tt \u00ed hversdeginum \u00e1 Nor\u00f0url\u00f6ndum og ekki kemur \u00e1 \u00f3vart a\u00f0 \u00fea\u00f0 s\u00e9 jafnvel \u00feema \u00ed m\u00f6rgum \u00cdslendingas\u00f6gum. Ef ni\u00f0urst\u00f6\u00f0ur al\u00fej\u00f3\u00f0legra ranns\u00f3kna eru dregnar saman kemur samt \u00ed lj\u00f3s a\u00f0 flestir fr\u00e6\u00f0imenn telji a\u00f0 f\u00f3lk \u00e1 mi\u00f0\u00f6ldum hafi sjaldan &hellip; <\/p>\n<p class=\"link-more\"><a href=\"https:\/\/uni.hi.is\/jvannahl\/2019\/03\/08\/lecture-hugvisindathing-2019-dag-ne-nott-hlutverk-myrkurs-i-egils-sogu-skalla-grimssonar\/\" class=\"more-link\">Continue reading<span class=\"screen-reader-text\"> \"Lecture (Hugv\u00edsinda\u00feing 2019): \"Dag n\u00e9 n\u00f3tt\" \u2013 Hlutverk myrkurs \u00ed Egils s\u00f6gu Skalla-Gr\u00edmssonar\"<\/span><\/a><\/p>\n","protected":false},"author":1502,"featured_media":0,"comment_status":"closed","ping_status":"closed","sticky":false,"template":"","format":"standard","meta":{"footnotes":""},"categories":[759],"tags":[],"class_list":["post-214","post","type-post","status-publish","format-standard","hentry","category-oflokkad"],"_links":{"self":[{"href":"https:\/\/uni.hi.is\/jvannahl\/wp-json\/wp\/v2\/posts\/214","targetHints":{"allow":["GET"]}}],"collection":[{"href":"https:\/\/uni.hi.is\/jvannahl\/wp-json\/wp\/v2\/posts"}],"about":[{"href":"https:\/\/uni.hi.is\/jvannahl\/wp-json\/wp\/v2\/types\/post"}],"author":[{"embeddable":true,"href":"https:\/\/uni.hi.is\/jvannahl\/wp-json\/wp\/v2\/users\/1502"}],"replies":[{"embeddable":true,"href":"https:\/\/uni.hi.is\/jvannahl\/wp-json\/wp\/v2\/comments?post=214"}],"version-history":[{"count":5,"href":"https:\/\/uni.hi.is\/jvannahl\/wp-json\/wp\/v2\/posts\/214\/revisions"}],"predecessor-version":[{"id":418,"href":"https:\/\/uni.hi.is\/jvannahl\/wp-json\/wp\/v2\/posts\/214\/revisions\/418"}],"wp:attachment":[{"href":"https:\/\/uni.hi.is\/jvannahl\/wp-json\/wp\/v2\/media?parent=214"}],"wp:term":[{"taxonomy":"category","embeddable":true,"href":"https:\/\/uni.hi.is\/jvannahl\/wp-json\/wp\/v2\/categories?post=214"},{"taxonomy":"post_tag","embeddable":true,"href":"https:\/\/uni.hi.is\/jvannahl\/wp-json\/wp\/v2\/tags?post=214"}],"curies":[{"name":"wp","href":"https:\/\/api.w.org\/{rel}","templated":true}]}}