{"id":50,"date":"2018-10-21T00:33:46","date_gmt":"2018-10-21T00:33:46","guid":{"rendered":"http:\/\/uni.hi.is\/martin\/?p=50"},"modified":"2018-10-21T00:33:46","modified_gmt":"2018-10-21T00:33:46","slug":"tiltekt-og-nytt-i-visindasmidjunni","status":"publish","type":"post","link":"https:\/\/uni.hi.is\/martin\/2018\/10\/21\/tiltekt-og-nytt-i-visindasmidjunni\/","title":{"rendered":"Tiltekt og n\u00fdtt \u00ed V\u00edsindasmi\u00f0junni"},"content":{"rendered":"<p><a href=\"http:\/\/uni.hi.is\/martin\/files\/2018\/10\/20181020_140107.jpg\"><img loading=\"lazy\" decoding=\"async\" class=\"aligncenter wp-image-55 size-large\" src=\"http:\/\/uni.hi.is\/martin\/files\/2018\/10\/20181020_140107-e1540081881600-1024x768.jpg\" alt=\"\" width=\"525\" height=\"394\" srcset=\"https:\/\/uni.hi.is\/martin\/files\/2018\/10\/20181020_140107-e1540081881600-1024x768.jpg 1024w, https:\/\/uni.hi.is\/martin\/files\/2018\/10\/20181020_140107-e1540081881600-300x225.jpg 300w, https:\/\/uni.hi.is\/martin\/files\/2018\/10\/20181020_140107-e1540081881600-768x576.jpg 768w\" sizes=\"auto, (max-width: 525px) 100vw, 525px\" \/><\/a><\/p>\n<p>Eins og gerist, \u00fe\u00e1 hafa hla\u00f0ist upp munir \u00ed geymslunni \u00ed V\u00edsindasmi\u00f0junni, og \u00fe\u00e1 miki\u00f0 til fremst; munir sem vi\u00f0 h\u00f6fum lagt fr\u00e1 okkur \u00e1n \u00feess a\u00f0 gefa \u00feeim almennilega g\u00f3\u00f0an sta\u00f0 og \u00feannig st\u00edfla a\u00f0gengi\u00f0 a\u00f0 r\u00fdminu innar sem svo aftur gerir \u00fea\u00f0 fl\u00f3knara a\u00f0 ganga fr\u00e1 hlutum.<\/p>\n<p>N\u00fana var svo komi\u00f0 a\u00f0 \u00fea\u00f0 var \u00ed raun bara h\u00e6gt a\u00f0 komast a\u00f0 fimmtungi geymslunnar vegna \u00feess a\u00f0 \u00fea\u00f0 l\u00e1 svo miki\u00f0 \u00ed gangveginum. \u00cd vetrarfr\u00edinu eyg\u00f0i \u00e9g sm\u00e1 fr\u00ed svo \u00e9g st\u00f6kk \u00e1 t\u00e6kif\u00e6ri\u00f0 og afr\u00e9\u00f0 a\u00f0 ganga \u00e1 \u00feennan haug.<\/p>\n<p>Ein st\u00e6rsta fyrirsta\u00f0an voru \u00ferj\u00e1r st\u00e6r\u00f0arinnar krossvi\u00f0spl\u00f6tur \u00feaktar geisladiskum. \u00de\u00e6r h\u00f6f\u00f0u veri\u00f0 nota\u00f0ar til a\u00f0 kl\u00e6\u00f0a kerruna okkar g\u00f6mlu a\u00f0 innan svo \u00far var\u00f0 l\u00edti\u00f0 upplifunarlistaverk. S\u00ed\u00f0astli\u00f0in \u00e1r hafa \u00feau hins vegar bara veri\u00f0 \u00ed geymslu.<\/p>\n<p>Og \u00fea\u00f0 a\u00f0 mestu leyti fyrir okkur \u00e1n \u00feess a\u00f0 \u00fea\u00f0 l\u00e6gi fyrir a\u00f0 vi\u00f0 n\u00e6\u00f0um nokkurt\u00edma a\u00f0 nota \u00fe\u00e6r \u00e1 n\u00fd.<\/p>\n<p>Svo eftir v\u00edsindaleikina (vi\u00f0bur\u00f0 \u00fear sem vi\u00f0 t\u00f3kum \u00e1 m\u00f3ti b\u00f6rnum starfsf\u00f3lks H\u00e1sk\u00f3la \u00cdslands) greip \u00e9g El\u00ed og vi\u00f0 s\u00f3ttum pl\u00f6turnar ni\u00f0ur \u00ed kjallara. \u00c9g n\u00e1\u00f0i ekki a\u00f0 gera miki\u00f0 \u00feann daginn en \u00e1 f\u00f6studaginn kippti \u00e9g af restinni af geisladiskunum og m\u00e6ldi hva\u00f0 \u00e9g \u00feyrfti af vi\u00f0 til a\u00f0 kl\u00e6\u00f0a ney\u00f0ar\u00fatgang sem liggur \u00fat \u00far V\u00edsindasmi\u00f0junni, bakatil.<\/p>\n<p>Mig hefur lengi langa\u00f0 a\u00f0 nota \u00feann litla afkima \u00ed eitthva\u00f0. Flestar hugmyndirnar kalla \u00e1 a\u00f0 loka ganginn af en fyrsta skrefi\u00f0 er \u00fe\u00e1 a\u00f0 loka glugganum og loftinu. \u00dearna gafst sums\u00e9 t\u00e6kif\u00e6ri \u00e1 a\u00f0 grynnka \u00e1 geymslunni og fikra okkur \u00e1fram me\u00f0 n\u00fdjar uppstillingar \u00ed sama vetfangi.<\/p>\n<p>Ein hugmynd kallar \u00e1 nokkra skynjara, lj\u00f3s og jafnvel h\u00e1talara, og \u00fatb\u00faa \u00feetta litla r\u00fdmi \u00feannig a\u00f0 gestir geti st\u00fdrt lj\u00f3sum og hlj\u00f3\u00f0i me\u00f0 \u00fev\u00eda\u00f0 ganga \u00ed gegnum r\u00fdmi\u00f0 e\u00f0a hreyfa sig \u00ed \u00fev\u00ed.<\/p>\n<p>\u00c9g \u00feurfti ekki nema tv\u00e6r pl\u00f6tur \u00ed \u00fea\u00f0 verkefni svo \u00e9g sat upp me\u00f0 eina sem \u00e9g haf\u00f0i engin not fyrir. H\u00fan var enn a\u00f0 mestu \u00feakin geisladiskum svo \u00e9g m\u00e1ta\u00f0i hana vi\u00f0 einn vegginn \u00ed V\u00edsindasmi\u00f0junni. Svo vill til a\u00f0 s\u00e1 veggur er einmitt me\u00f0 nokkrum gipst\u00f6ppum sem eru frekar lj\u00f3tir \u00e1 a\u00f0 sj\u00e1, svo \u00fea\u00f0 f\u00e9ll bara feykivel a\u00f0 stytta pl\u00f6tuna l\u00edti\u00f0 eitt og festa pl\u00f6tuna upp \u00e1 vegg.<\/p>\n<p><a href=\"http:\/\/uni.hi.is\/martin\/files\/2018\/10\/20181019_164505-e1540081804112.jpg\"><img loading=\"lazy\" decoding=\"async\" class=\"alignleft wp-image-56 size-thumbnail\" src=\"http:\/\/uni.hi.is\/martin\/files\/2018\/10\/20181019_164505-e1540081804112-150x150.jpg\" alt=\"\" width=\"150\" height=\"150\" srcset=\"https:\/\/uni.hi.is\/martin\/files\/2018\/10\/20181019_164505-e1540081804112-150x150.jpg 150w, https:\/\/uni.hi.is\/martin\/files\/2018\/10\/20181019_164505-e1540081804112-100x100.jpg 100w\" sizes=\"auto, (max-width: 150px) 100vw, 150px\" \/><\/a> <a href=\"http:\/\/uni.hi.is\/martin\/files\/2018\/10\/44337484_339585800135840_8241826307248226304_n.jpg\"><img loading=\"lazy\" decoding=\"async\" class=\"alignleft wp-image-53 size-thumbnail\" src=\"http:\/\/uni.hi.is\/martin\/files\/2018\/10\/44337484_339585800135840_8241826307248226304_n-150x150.jpg\" alt=\"\" width=\"150\" height=\"150\" srcset=\"https:\/\/uni.hi.is\/martin\/files\/2018\/10\/44337484_339585800135840_8241826307248226304_n-150x150.jpg 150w, https:\/\/uni.hi.is\/martin\/files\/2018\/10\/44337484_339585800135840_8241826307248226304_n-100x100.jpg 100w\" sizes=\"auto, (max-width: 150px) 100vw, 150px\" \/><\/a> <a href=\"http:\/\/uni.hi.is\/martin\/files\/2018\/10\/IMG_20181020_140227.jpg\"><img loading=\"lazy\" decoding=\"async\" class=\"alignleft size-thumbnail wp-image-54\" src=\"http:\/\/uni.hi.is\/martin\/files\/2018\/10\/IMG_20181020_140227-150x150.jpg\" alt=\"\" width=\"150\" height=\"150\" srcset=\"https:\/\/uni.hi.is\/martin\/files\/2018\/10\/IMG_20181020_140227-150x150.jpg 150w, https:\/\/uni.hi.is\/martin\/files\/2018\/10\/IMG_20181020_140227-100x100.jpg 100w\" sizes=\"auto, (max-width: 150px) 100vw, 150px\" \/><\/a><\/p>\n","protected":false},"excerpt":{"rendered":"<p>Eins og gerist, \u00fe\u00e1 hafa hla\u00f0ist upp munir \u00ed geymslunni \u00ed V\u00edsindasmi\u00f0junni, og \u00fe\u00e1 miki\u00f0 til fremst; munir sem vi\u00f0 h\u00f6fum lagt fr\u00e1 okkur \u00e1n&hellip;<\/p>\n","protected":false},"author":1485,"featured_media":0,"comment_status":"closed","ping_status":"closed","sticky":false,"template":"","format":"standard","meta":{"footnotes":""},"categories":[150627,150628,149875],"tags":[],"class_list":["post-50","post","type-post","status-publish","format-standard","hentry","category-daglegt-bras","category-nyjar-uppstillingar","category-visindasmidjan"],"_links":{"self":[{"href":"https:\/\/uni.hi.is\/martin\/wp-json\/wp\/v2\/posts\/50","targetHints":{"allow":["GET"]}}],"collection":[{"href":"https:\/\/uni.hi.is\/martin\/wp-json\/wp\/v2\/posts"}],"about":[{"href":"https:\/\/uni.hi.is\/martin\/wp-json\/wp\/v2\/types\/post"}],"author":[{"embeddable":true,"href":"https:\/\/uni.hi.is\/martin\/wp-json\/wp\/v2\/users\/1485"}],"replies":[{"embeddable":true,"href":"https:\/\/uni.hi.is\/martin\/wp-json\/wp\/v2\/comments?post=50"}],"version-history":[{"count":2,"href":"https:\/\/uni.hi.is\/martin\/wp-json\/wp\/v2\/posts\/50\/revisions"}],"predecessor-version":[{"id":58,"href":"https:\/\/uni.hi.is\/martin\/wp-json\/wp\/v2\/posts\/50\/revisions\/58"}],"wp:attachment":[{"href":"https:\/\/uni.hi.is\/martin\/wp-json\/wp\/v2\/media?parent=50"}],"wp:term":[{"taxonomy":"category","embeddable":true,"href":"https:\/\/uni.hi.is\/martin\/wp-json\/wp\/v2\/categories?post=50"},{"taxonomy":"post_tag","embeddable":true,"href":"https:\/\/uni.hi.is\/martin\/wp-json\/wp\/v2\/tags?post=50"}],"curies":[{"name":"wp","href":"https:\/\/api.w.org\/{rel}","templated":true}]}}