{"id":168,"date":"2023-03-07T12:10:48","date_gmt":"2023-03-07T12:10:48","guid":{"rendered":"https:\/\/uni.hi.is\/oms6\/?p=168"},"modified":"2023-03-16T12:14:08","modified_gmt":"2023-03-16T12:14:08","slug":"jardnand-umhverfi-framtid-og-huglikami","status":"publish","type":"post","link":"https:\/\/uni.hi.is\/oms6\/2023\/03\/07\/jardnand-umhverfi-framtid-og-huglikami\/","title":{"rendered":"JAR\u00d0N\u00c1ND: Umhverfi, framt\u00ed\u00f0 og hugl\u00edkami"},"content":{"rendered":"<h3 class=\"mb-0\"><span class=\"accordion__expander-button w-100 d-flex justify-content-between align-items-center p-3 collapsed\" data-toggle=\"collapse\" data-target=\"#collapse-question-776\"><span class=\"d-block pt-1\">Join me and many other speakers at the session <em>JAR\u00d0N\u00c1ND: Umhverfi, framt\u00ed\u00f0 og hugl\u00edkami<\/em> at the conference of humanities, March 11 2023.<br \/>\n<\/span><\/span><\/h3>\n<p><a href=\"https:\/\/hugvis.hi.is\/is\/jardnand-umhverfi-framtid-og-huglikami\">https:\/\/hugvis.hi.is\/is\/jardnand-umhverfi-framtid-og-huglikami<\/a><\/p>\n<h3 class=\"mb-0\"><span class=\"accordion__expander-button w-100 d-flex justify-content-between align-items-center p-3 collapsed\" data-toggle=\"collapse\" data-target=\"#collapse-question-776\"><span class=\"d-block pt-1\">My talk is called \"Embodied thinking in environmental education\". Here's the description:<br \/>\n<\/span><\/span><\/h3>\n<p>In this presentation I describe some of my experiences with using the methodologies of embodied critical thinking in education as well as the results as seen from my perspective as well as those of the students. I will be referring to two different courses, one that focuses specifically on climate change and a broader course on environmental ethics. In these, critical embodied thinking was used explicitly in different but compatible ways with remarkable impacts on student engagement and outcomes. Allowing and encouraging students to pay attention to their embodied and affective reactions to a text or topic removes the emphasis on abstract arguments and instead centers the lived experience of being in and being part of nature in ways that make environmental education concrete and relevant.<\/p>\n<p>&nbsp;<\/p>\n","protected":false},"excerpt":{"rendered":"<p>Join me and many other speakers at the session JAR\u00d0N\u00c1ND: Umhverfi, framt\u00ed\u00f0 og hugl\u00edkami at the conference of humanities, March 11 2023. https:\/\/hugvis.hi.is\/is\/jardnand-umhverfi-framtid-og-huglikami My talk is called \"Embodied thinking in environmental education\". Here's the description: In this presentation I describe &hellip; <a href=\"https:\/\/uni.hi.is\/oms6\/2023\/03\/07\/jardnand-umhverfi-framtid-og-huglikami\/\">Continue reading <span class=\"meta-nav\">&rarr;<\/span><\/a><\/p>\n","protected":false},"author":1444,"featured_media":0,"comment_status":"closed","ping_status":"closed","sticky":false,"template":"","format":"standard","meta":{"footnotes":""},"categories":[160539],"tags":[],"class_list":["post-168","post","type-post","status-publish","format-standard","hentry","category-talks"],"_links":{"self":[{"href":"https:\/\/uni.hi.is\/oms6\/wp-json\/wp\/v2\/posts\/168","targetHints":{"allow":["GET"]}}],"collection":[{"href":"https:\/\/uni.hi.is\/oms6\/wp-json\/wp\/v2\/posts"}],"about":[{"href":"https:\/\/uni.hi.is\/oms6\/wp-json\/wp\/v2\/types\/post"}],"author":[{"embeddable":true,"href":"https:\/\/uni.hi.is\/oms6\/wp-json\/wp\/v2\/users\/1444"}],"replies":[{"embeddable":true,"href":"https:\/\/uni.hi.is\/oms6\/wp-json\/wp\/v2\/comments?post=168"}],"version-history":[{"count":1,"href":"https:\/\/uni.hi.is\/oms6\/wp-json\/wp\/v2\/posts\/168\/revisions"}],"predecessor-version":[{"id":169,"href":"https:\/\/uni.hi.is\/oms6\/wp-json\/wp\/v2\/posts\/168\/revisions\/169"}],"wp:attachment":[{"href":"https:\/\/uni.hi.is\/oms6\/wp-json\/wp\/v2\/media?parent=168"}],"wp:term":[{"taxonomy":"category","embeddable":true,"href":"https:\/\/uni.hi.is\/oms6\/wp-json\/wp\/v2\/categories?post=168"},{"taxonomy":"post_tag","embeddable":true,"href":"https:\/\/uni.hi.is\/oms6\/wp-json\/wp\/v2\/tags?post=168"}],"curies":[{"name":"wp","href":"https:\/\/api.w.org\/{rel}","templated":true}]}}