{"id":1,"date":"2020-02-18T16:54:05","date_gmt":"2020-02-18T16:54:05","guid":{"rendered":"http:\/\/uni.hi.is\/unnurk\/?p=1"},"modified":"2020-03-24T00:24:28","modified_gmt":"2020-03-24T00:24:28","slug":"hallo-heimur","status":"publish","type":"post","link":"https:\/\/uni.hi.is\/unnurk\/2020\/02\/18\/hallo-heimur\/","title":{"rendered":"Ranns\u00f3kn \u00e1 s\u00f6gu hreind\u00fdra \u00e1 \u00cdslandi f\u00e6r g\u00f3\u00f0ar vi\u00f0t\u00f6kur"},"content":{"rendered":"<p>B\u00f3k m\u00edn <em>\u00d6r\u00e6fahj\u00f6r\u00f0in. Saga hreind\u00fdra \u00e1 \u00cdslandi <\/em>sem \u00fat kom \u00e1 \u00e1rinu 2019 hlaut g\u00f3\u00f0ar vi\u00f0t\u00f6kur og \u00ferj\u00e1r tilnefningar; til \u00cdslensku b\u00f3kmenntaver\u00f0launanna, Fj\u00f6ruver\u00f0launanna og til ver\u00f0launa Hag\u00feenkis.<\/p>\n<p>B\u00f3kina skrifa\u00f0i \u00e9g \u00e1 \u00e1runum 2015 til 2018. \u00c1ri\u00f0 2019 f\u00f3r svo \u00ed fr\u00e1gang og vi\u00f0br\u00f6g\u00f0 vi\u00f0 athugasemdum ritr\u00fdna og ritstj\u00f3ra, umritun kafla \u00ed samr\u00e6mi vi\u00f0 \u00fea\u00f0, s\u00f6fnun myndefnis og fleira. \u00datg\u00e1fuferli\u00f0 var samstarfsverkefni h\u00f6fundar \u00ed starfinu hj\u00e1 Ranns\u00f3knasetri H\u00e1sk\u00f3la \u00cdslands \u00e1 Austurlandi og S\u00f6guf\u00e9lags. \u00datgefandi var S\u00f6guf\u00e9lag, 2019. Lj\u00f3smyndir \u00ed b\u00f3kinni af hreind\u00fdrum \u00ed n\u00e1tt\u00faru Austurlands eftir Skarph\u00e9\u00f0inn G. \u00de\u00f3risson l\u00edffr\u00e6\u00f0ing hj\u00e1 N\u00e1tt\u00farustofu Austurlands skreyta \u00feessa b\u00f3k auk \u00feess sem fj\u00f6ldi eldri og n\u00fdrri lj\u00f3smynda fr\u00e1 einst<span class=\"text_exposed_show\">aklingum og lj\u00f3smyndas\u00f6fnum segja s\u00f6gu um samb\u00fa\u00f0 manna og hreind\u00fdra h\u00e9r \u00e1 landi.<\/span><\/p>\n<div id=\"attachment_68\" style=\"width: 861px\" class=\"wp-caption alignleft\"><img loading=\"lazy\" decoding=\"async\" aria-describedby=\"caption-attachment-68\" class=\"wp-image-68 size-full\" src=\"http:\/\/uni.hi.is\/unnurk\/files\/2020\/02\/86364348_10157869042197356_6946304526840233984_n.jpg\" alt=\"Tilnefningar til s\u00f6gu hreind\u00fdra \u00e1 \u00cdslandi\" width=\"851\" height=\"315\" srcset=\"https:\/\/uni.hi.is\/unnurk\/files\/2020\/02\/86364348_10157869042197356_6946304526840233984_n.jpg 851w, https:\/\/uni.hi.is\/unnurk\/files\/2020\/02\/86364348_10157869042197356_6946304526840233984_n-300x111.jpg 300w, https:\/\/uni.hi.is\/unnurk\/files\/2020\/02\/86364348_10157869042197356_6946304526840233984_n-768x284.jpg 768w\" sizes=\"auto, (max-width: 851px) 100vw, 851px\" \/><p id=\"caption-attachment-68\" class=\"wp-caption-text\">Tilnefningar sem \u00d6r\u00e6fahj\u00f6r\u00f0in hefur hloti\u00f0. Mynd; S\u00f6guf\u00e9lag 2020.<\/p><\/div>\n<p>&nbsp;<\/p>\n","protected":false},"excerpt":{"rendered":"<p>B\u00f3k m\u00edn \u00d6r\u00e6fahj\u00f6r\u00f0in. Saga hreind\u00fdra \u00e1 \u00cdslandi sem \u00fat kom \u00e1 \u00e1rinu 2019 hlaut g\u00f3\u00f0ar vi\u00f0t\u00f6kur og \u00ferj\u00e1r tilnefningar; til \u00cdslensku b\u00f3kmenntaver\u00f0launanna, Fj\u00f6ruver\u00f0launanna og til ver\u00f0launa Hag\u00feenkis. B\u00f3kina skrifa\u00f0i \u00e9g \u00e1 \u00e1runum 2015 til 2018. \u00c1ri\u00f0 2019 f\u00f3r svo \u00ed &hellip; <a href=\"https:\/\/uni.hi.is\/unnurk\/2020\/02\/18\/hallo-heimur\/\">Halda \u00e1fram a\u00f0 lesa <span class=\"meta-nav\">&rarr;<\/span><\/a><\/p>\n","protected":false},"author":1539,"featured_media":0,"comment_status":"closed","ping_status":"open","sticky":true,"template":"","format":"standard","meta":{"footnotes":""},"categories":[163439],"tags":[162816,162634,162215,658,162485,64878],"class_list":["post-1","post","type-post","status-publish","format-standard","hentry","category-frettir-2","tag-fridun","tag-halendi","tag-hreindyr","tag-nattura","tag-oraefi","tag-veidar"],"_links":{"self":[{"href":"https:\/\/uni.hi.is\/unnurk\/wp-json\/wp\/v2\/posts\/1","targetHints":{"allow":["GET"]}}],"collection":[{"href":"https:\/\/uni.hi.is\/unnurk\/wp-json\/wp\/v2\/posts"}],"about":[{"href":"https:\/\/uni.hi.is\/unnurk\/wp-json\/wp\/v2\/types\/post"}],"author":[{"embeddable":true,"href":"https:\/\/uni.hi.is\/unnurk\/wp-json\/wp\/v2\/users\/1539"}],"replies":[{"embeddable":true,"href":"https:\/\/uni.hi.is\/unnurk\/wp-json\/wp\/v2\/comments?post=1"}],"version-history":[{"count":13,"href":"https:\/\/uni.hi.is\/unnurk\/wp-json\/wp\/v2\/posts\/1\/revisions"}],"predecessor-version":[{"id":259,"href":"https:\/\/uni.hi.is\/unnurk\/wp-json\/wp\/v2\/posts\/1\/revisions\/259"}],"wp:attachment":[{"href":"https:\/\/uni.hi.is\/unnurk\/wp-json\/wp\/v2\/media?parent=1"}],"wp:term":[{"taxonomy":"category","embeddable":true,"href":"https:\/\/uni.hi.is\/unnurk\/wp-json\/wp\/v2\/categories?post=1"},{"taxonomy":"post_tag","embeddable":true,"href":"https:\/\/uni.hi.is\/unnurk\/wp-json\/wp\/v2\/tags?post=1"}],"curies":[{"name":"wp","href":"https:\/\/api.w.org\/{rel}","templated":true}]}}